{"id":4555,"date":"2010-11-28T23:30:24","date_gmt":"2010-11-29T03:30:24","guid":{"rendered":"http:\/\/www.yungayino.cl\/noticias\/?p=4555"},"modified":"2010-11-29T15:30:18","modified_gmt":"2010-11-29T19:30:18","slug":"aniversario-numero-21-de-radio-la-voz-de-yungay","status":"publish","type":"post","link":"https:\/\/www.yungayino.cl\/noticias\/?p=4555","title":{"rendered":"Aniversario N\u00famero 21 de Radio La Voz De Yungay"},"content":{"rendered":"<p><img decoding=\"async\" src=\"http:\/\/www.yungayino.cl\/imagenes\/radiolavozdeyungay.jpg\" alt=\"Aniversario Radio La Voz de Yungay\" \/><\/p>\n<p align=\"justify\"><font size=\"2\">En el mes de aniversario se encuentra la Radio La voz de Yungay 102.7 FM Stereo, cuyo gerente y propietario es Don Juan Quezada, la estaci\u00f3n radial cumplir\u00e1 el d\u00eda 28 de noviembre 21 a\u00f1os de transmisiones en la comuna y la provincia de \u00d1uble. De su historia podemos decir que, esta radio emisora nace en la primavera del a\u00f1o 1989 como una respuesta clara a las necesidades de la comunidad de ser informada, de contar con entretenci\u00f3n sana y de tener un acceso f\u00e1cil y directo a la cultura. La emisora, en s\u00f3lo 2 d\u00e9cadas de vida se ha logrado posicionar en las m\u00e1s altas esferas de la tecnolog\u00eda y la informaci\u00f3n, siendo esta reconocida constantemente, entre otros, por el ente que re\u00fane a todos los medios radiales de importancia del pa\u00eds como lo es la Asociaci\u00f3n de Radiodifusores de Chile (ARCHI).<br \/>\n<a href=\"http:\/\/www.yungayino.cl\/noticias\/?p=4555#comments\">Comente aqu\u00ed<\/a><\/font><\/p>\n","protected":false},"excerpt":{"rendered":"<p>En el mes de aniversario se encuentra la Radio La voz de Yungay 102.7 FM Stereo, cuyo gerente y propietario es Don Juan Quezada, la estaci\u00f3n radial cumplir\u00e1 el d\u00eda 28 de noviembre 21&#46;&#46;&#46;<\/p>\n","protected":false},"author":2,"featured_media":15447,"comment_status":"open","ping_status":"open","sticky":false,"template":"","format":"standard","meta":{"footnotes":""},"categories":[1],"tags":[1115,109,8,6],"class_list":["post-4555","post","type-post","status-publish","format-standard","has-post-thumbnail","hentry","category-noticias","tag-noticias","tag-radio-la-voz-de-yungay","tag-yungay","tag-yungayino"],"_links":{"self":[{"href":"https:\/\/www.yungayino.cl\/noticias\/index.php?rest_route=\/wp\/v2\/posts\/4555","targetHints":{"allow":["GET"]}}],"collection":[{"href":"https:\/\/www.yungayino.cl\/noticias\/index.php?rest_route=\/wp\/v2\/posts"}],"about":[{"href":"https:\/\/www.yungayino.cl\/noticias\/index.php?rest_route=\/wp\/v2\/types\/post"}],"author":[{"embeddable":true,"href":"https:\/\/www.yungayino.cl\/noticias\/index.php?rest_route=\/wp\/v2\/users\/2"}],"replies":[{"embeddable":true,"href":"https:\/\/www.yungayino.cl\/noticias\/index.php?rest_route=%2Fwp%2Fv2%2Fcomments&post=4555"}],"version-history":[{"count":5,"href":"https:\/\/www.yungayino.cl\/noticias\/index.php?rest_route=\/wp\/v2\/posts\/4555\/revisions"}],"predecessor-version":[{"id":4560,"href":"https:\/\/www.yungayino.cl\/noticias\/index.php?rest_route=\/wp\/v2\/posts\/4555\/revisions\/4560"}],"wp:featuredmedia":[{"embeddable":true,"href":"https:\/\/www.yungayino.cl\/noticias\/index.php?rest_route=\/wp\/v2\/media\/15447"}],"wp:attachment":[{"href":"https:\/\/www.yungayino.cl\/noticias\/index.php?rest_route=%2Fwp%2Fv2%2Fmedia&parent=4555"}],"wp:term":[{"taxonomy":"category","embeddable":true,"href":"https:\/\/www.yungayino.cl\/noticias\/index.php?rest_route=%2Fwp%2Fv2%2Fcategories&post=4555"},{"taxonomy":"post_tag","embeddable":true,"href":"https:\/\/www.yungayino.cl\/noticias\/index.php?rest_route=%2Fwp%2Fv2%2Ftags&post=4555"}],"curies":[{"name":"wp","href":"https:\/\/api.w.org\/{rel}","templated":true}]}}