{"id":4568,"date":"2010-12-01T23:00:35","date_gmt":"2010-12-02T03:00:35","guid":{"rendered":"http:\/\/www.yungayino.cl\/noticias\/?p=4568"},"modified":"2010-12-02T21:29:08","modified_gmt":"2010-12-03T01:29:08","slug":"grupo-folclorico-de-adultos-mayores-%e2%80%9dlos-hortelanos-de-yungay%e2%80%9d-se-presentaron-en-curanilahue","status":"publish","type":"post","link":"https:\/\/www.yungayino.cl\/noticias\/?p=4568","title":{"rendered":"Grupo Folcl\u00f3rico de Adultos Mayores \u201dLos Hortelanos de Yungay\u201d se Presentaron en Curanilahue"},"content":{"rendered":"<p><img loading=\"lazy\" decoding=\"async\" src=\"http:\/\/www.yungayino.cl\/imagenes\/hortelanoscuranilahue201011.jpg\" alt=\"yungayino.cl - Grupo Los Hortelanos en Curanilahue\" width=\"500\" height=\"200\" \/><\/p>\n<p><span style=\"font-family: arial,helvetica,sans-serif;\"><span style=\"font-size: small;\">Una destacada participaci\u00f3n tuvo el pasado 27 de noviembre el Grupo Folcl\u00f3rico de Adultos Mayores \u201dLos Hortelanos de Yungay\u201d en el Gimnasio Ol\u00edmpico de la ciudad del carb\u00f3n, donde se presentaron junto a las delegaciones de Chill\u00e1n Viejo, Pemuco, Huepil y la<strong> <\/strong>comuna anfitriona en el 5\u00ba Encuentro de Grupos Folkl\u00f3rico de Adultos Mayores. Cabe destacar que el grupo \u201cLos hortelanos de Yungay\u201d esta a cargo de su Director Art\u00edstico el Profesor Ram\u00f3n Pino, conocido como \u201cDon Delfa\u201d. Esta actividad se realiza gracias al proyecto ganado del Fondo Nacional del Adulto Mayor (SENAMA), adem\u00e1s fueron acompa\u00f1adas por Carla Rodr\u00edguez Cid, Encargada Adultos Mayores de la Municipalidad de Yungay.<\/span><\/span><\/p>\n<p><a href=\"http:\/\/www.yungayino.cl\/noticias\/?p=4568#comments\"><span style=\"font-family: arial,helvetica,sans-serif;\"><span style=\"font-size: small;\">Comente Aqu\u00ed<\/span><\/span><\/a><\/p>\n<p><a href=\"http:\/\/www.facebook.com\/album.php?aid=51419&amp;id=159561284058919&amp;saved\"><span style=\"font-family: arial,helvetica,sans-serif;\"><span style=\"font-size: small;\">Fotograf\u00edas<\/span><\/span><\/a><\/p>\n","protected":false},"excerpt":{"rendered":"<p>Una destacada participaci\u00f3n tuvo el pasado 27 de noviembre el Grupo Folcl\u00f3rico de Adultos Mayores \u201dLos Hortelanos de Yungay\u201d en el Gimnasio Ol\u00edmpico de la ciudad del carb\u00f3n, donde se presentaron junto a las&#46;&#46;&#46;<\/p>\n","protected":false},"author":2,"featured_media":15449,"comment_status":"open","ping_status":"open","sticky":false,"template":"","format":"standard","meta":{"footnotes":""},"categories":[1],"tags":[57,288,1115,8,6],"class_list":["post-4568","post","type-post","status-publish","format-standard","has-post-thumbnail","hentry","category-noticias","tag-adultos-mayores","tag-hortelanos","tag-noticias","tag-yungay","tag-yungayino"],"_links":{"self":[{"href":"https:\/\/www.yungayino.cl\/noticias\/index.php?rest_route=\/wp\/v2\/posts\/4568","targetHints":{"allow":["GET"]}}],"collection":[{"href":"https:\/\/www.yungayino.cl\/noticias\/index.php?rest_route=\/wp\/v2\/posts"}],"about":[{"href":"https:\/\/www.yungayino.cl\/noticias\/index.php?rest_route=\/wp\/v2\/types\/post"}],"author":[{"embeddable":true,"href":"https:\/\/www.yungayino.cl\/noticias\/index.php?rest_route=\/wp\/v2\/users\/2"}],"replies":[{"embeddable":true,"href":"https:\/\/www.yungayino.cl\/noticias\/index.php?rest_route=%2Fwp%2Fv2%2Fcomments&post=4568"}],"version-history":[{"count":9,"href":"https:\/\/www.yungayino.cl\/noticias\/index.php?rest_route=\/wp\/v2\/posts\/4568\/revisions"}],"predecessor-version":[{"id":4583,"href":"https:\/\/www.yungayino.cl\/noticias\/index.php?rest_route=\/wp\/v2\/posts\/4568\/revisions\/4583"}],"wp:featuredmedia":[{"embeddable":true,"href":"https:\/\/www.yungayino.cl\/noticias\/index.php?rest_route=\/wp\/v2\/media\/15449"}],"wp:attachment":[{"href":"https:\/\/www.yungayino.cl\/noticias\/index.php?rest_route=%2Fwp%2Fv2%2Fmedia&parent=4568"}],"wp:term":[{"taxonomy":"category","embeddable":true,"href":"https:\/\/www.yungayino.cl\/noticias\/index.php?rest_route=%2Fwp%2Fv2%2Fcategories&post=4568"},{"taxonomy":"post_tag","embeddable":true,"href":"https:\/\/www.yungayino.cl\/noticias\/index.php?rest_route=%2Fwp%2Fv2%2Ftags&post=4568"}],"curies":[{"name":"wp","href":"https:\/\/api.w.org\/{rel}","templated":true}]}}