{"id":4588,"date":"2010-12-04T16:00:58","date_gmt":"2010-12-04T20:00:58","guid":{"rendered":"http:\/\/www.yungayino.cl\/noticias\/?p=4588"},"modified":"2010-12-05T18:08:06","modified_gmt":"2010-12-05T22:08:06","slug":"carabineros-de-yungay-se-hizo-presente-con-la-teleton-2010","status":"publish","type":"post","link":"https:\/\/www.yungayino.cl\/noticias\/?p=4588","title":{"rendered":"Carabineros de Yungay se Hizo Presente en Telet\u00f3n 2010"},"content":{"rendered":"<p><img loading=\"lazy\" decoding=\"async\" src=\"http:\/\/www.yungayino.cl\/imagenes\/carabinerosteleton.jpg\" alt=\"YUNGAYINO.CL - Carabineros de Yungay se Hizo Presente con la Telet\u00f3n 2010\" width=\"500\" height=\"200\" \/><\/p>\n<p><span style=\"font-family: arial,helvetica,sans-serif;\"><span style=\"font-size: small;\">El d\u00eda 04 de diciembre a partir de las 10:00 horas, Carabineros de la Cuarta Comisar\u00eda de Yungay realizaron paseos en veh\u00edculos policiales por calles centricas de Yungay, con el objetivo de ayudar a reunir fondos para la Telet\u00f3n. Esta iniciativa estuvo liderada por el Capit\u00e1n John Cornejo Varela, qui\u00e9n se\u00f1al\u00f3\u00a0 al Portal Yungayino que Carabineros tambi\u00e9n quiz\u00f3 estar presente en esta campa\u00f1a solidaria que une a todo un pa\u00eds, utilizando nuestros medios como los veh\u00edculos y motos, con la \u00fanica finalidad de poder ayudar de alguna forma a la Telet\u00f3n, y que la gente que vino a cooperar pudiera tener un momento de esparcimiento y as\u00ed esperamos haber aportado con un granito de arena. La actividad finalizo a las 13:00 horas con gran \u00e9xito donde los peque\u00f1os de la comuna fueron los que m\u00e1s disfrutaron y a la vez realizar su aporte a la  Telet\u00f3n 2010.<\/span><\/span><\/p>\n<p><a href=\"http:\/\/www.yungayino.cl\/noticias\/?p=4588#comments\"><span style=\"font-family: arial,helvetica,sans-serif;\"><span style=\"font-size: small;\">Comente Aqu\u00ed<\/span><\/span><\/a><\/p>\n<p><a href=\"http:\/\/www.facebook.com\/album.php?aid=51723&amp;id=159561284058919&amp;saved\"><span style=\"font-family: arial,helvetica,sans-serif;\"><span style=\"font-size: small;\">Fotograf\u00edas<\/span><\/span><\/a><\/p>\n","protected":false},"excerpt":{"rendered":"<p>El d\u00eda 04 de diciembre a partir de las 10:00 horas, Carabineros de la Cuarta Comisar\u00eda de Yungay realizaron paseos en veh\u00edculos policiales por calles centricas de Yungay, con el objetivo de ayudar a&#46;&#46;&#46;<\/p>\n","protected":false},"author":2,"featured_media":15452,"comment_status":"open","ping_status":"open","sticky":false,"template":"","format":"standard","meta":{"footnotes":""},"categories":[1],"tags":[25,1115,289,8,6],"class_list":["post-4588","post","type-post","status-publish","format-standard","has-post-thumbnail","hentry","category-noticias","tag-carabineros","tag-noticias","tag-teleton","tag-yungay","tag-yungayino"],"_links":{"self":[{"href":"https:\/\/www.yungayino.cl\/noticias\/index.php?rest_route=\/wp\/v2\/posts\/4588","targetHints":{"allow":["GET"]}}],"collection":[{"href":"https:\/\/www.yungayino.cl\/noticias\/index.php?rest_route=\/wp\/v2\/posts"}],"about":[{"href":"https:\/\/www.yungayino.cl\/noticias\/index.php?rest_route=\/wp\/v2\/types\/post"}],"author":[{"embeddable":true,"href":"https:\/\/www.yungayino.cl\/noticias\/index.php?rest_route=\/wp\/v2\/users\/2"}],"replies":[{"embeddable":true,"href":"https:\/\/www.yungayino.cl\/noticias\/index.php?rest_route=%2Fwp%2Fv2%2Fcomments&post=4588"}],"version-history":[{"count":7,"href":"https:\/\/www.yungayino.cl\/noticias\/index.php?rest_route=\/wp\/v2\/posts\/4588\/revisions"}],"predecessor-version":[{"id":4599,"href":"https:\/\/www.yungayino.cl\/noticias\/index.php?rest_route=\/wp\/v2\/posts\/4588\/revisions\/4599"}],"wp:featuredmedia":[{"embeddable":true,"href":"https:\/\/www.yungayino.cl\/noticias\/index.php?rest_route=\/wp\/v2\/media\/15452"}],"wp:attachment":[{"href":"https:\/\/www.yungayino.cl\/noticias\/index.php?rest_route=%2Fwp%2Fv2%2Fmedia&parent=4588"}],"wp:term":[{"taxonomy":"category","embeddable":true,"href":"https:\/\/www.yungayino.cl\/noticias\/index.php?rest_route=%2Fwp%2Fv2%2Fcategories&post=4588"},{"taxonomy":"post_tag","embeddable":true,"href":"https:\/\/www.yungayino.cl\/noticias\/index.php?rest_route=%2Fwp%2Fv2%2Ftags&post=4588"}],"curies":[{"name":"wp","href":"https:\/\/api.w.org\/{rel}","templated":true}]}}