{"id":4672,"date":"2010-12-14T22:00:32","date_gmt":"2010-12-15T02:00:32","guid":{"rendered":"http:\/\/www.yungayino.cl\/noticias\/?p=4672"},"modified":"2010-12-15T09:20:34","modified_gmt":"2010-12-15T13:20:34","slug":"anivbersario-cuarta-compania-bomberos","status":"publish","type":"post","link":"https:\/\/www.yungayino.cl\/noticias\/?p=4672","title":{"rendered":"Cuarta Compa\u00f1\u00eda de Bomberos de Yungay Cumple Trece A\u00f1os"},"content":{"rendered":"<p><img loading=\"lazy\" decoding=\"async\" src=\"http:\/\/www.yungayino.cl\/imagenes\/bomberos20101214.jpg\" alt=\"YUNGAYINO.CL - Aniversario Cuarta Compa\u00f1\u00eda de Bomberos de Yungay\" width=\"500\" height=\"200\" \/><\/p>\n<p><span style=\"font-family: arial,helvetica,sans-serif;\"><span style=\"font-size: small;\">La  Cuarta Compa\u00f1\u00eda de Bomberos de Yungay Cumple Trece A\u00f1os al servicio de la comunidad, por lo que durante esta semana realizaran diferentes actividades, donde se destaca la incorporaci\u00f3n de seis nuevos voluntarios, los cu\u00e1les fueron bautizados este martes 14 de diciembre con el tradicional ejercicio de agua y fuego frente al cuartel. La ceremonia fue encabezada por su Capit\u00e1n Miguel Carrasco, qui\u00e9n manifest\u00f3 sentirse orgulloso de los nuevos integrantes, adem\u00e1s destaco la colaboraci\u00f3n durante este a\u00f1o por parte de la cuarta compa\u00f1\u00eda en las comunas afectadas por el terremoto, donde fueron reconocidos por la comunidad yungayina.<\/span><\/span><\/p>\n<p><a href=\"http:\/\/www.yungayino.cl\/noticias\/?p=4672#comments\"><span style=\"font-size: small;\"><span style=\"font-family: arial,helvetica,sans-serif;\">Comente Aqu\u00ed<\/span><\/span><\/a><\/p>\n<p><a href=\"http:\/\/www.facebook.com\/album.php?aid=52616&amp;id=159561284058919&amp;saved\"><span style=\"font-size: small;\"><span style=\"font-family: arial,helvetica,sans-serif;\">Fotograf\u00edas<\/span><\/span><\/a><\/p>\n","protected":false},"excerpt":{"rendered":"<p>La Cuarta Compa\u00f1\u00eda de Bomberos de Yungay Cumple Trece A\u00f1os al servicio de la comunidad, por lo que durante esta semana realizaran diferentes actividades, donde se destaca la incorporaci\u00f3n de seis nuevos voluntarios, los&#46;&#46;&#46;<\/p>\n","protected":false},"author":2,"featured_media":15464,"comment_status":"open","ping_status":"open","sticky":false,"template":"","format":"standard","meta":{"footnotes":""},"categories":[1],"tags":[125,1115,8,6],"class_list":["post-4672","post","type-post","status-publish","format-standard","has-post-thumbnail","hentry","category-noticias","tag-cuarta-compania-bomberos","tag-noticias","tag-yungay","tag-yungayino"],"_links":{"self":[{"href":"https:\/\/www.yungayino.cl\/noticias\/index.php?rest_route=\/wp\/v2\/posts\/4672","targetHints":{"allow":["GET"]}}],"collection":[{"href":"https:\/\/www.yungayino.cl\/noticias\/index.php?rest_route=\/wp\/v2\/posts"}],"about":[{"href":"https:\/\/www.yungayino.cl\/noticias\/index.php?rest_route=\/wp\/v2\/types\/post"}],"author":[{"embeddable":true,"href":"https:\/\/www.yungayino.cl\/noticias\/index.php?rest_route=\/wp\/v2\/users\/2"}],"replies":[{"embeddable":true,"href":"https:\/\/www.yungayino.cl\/noticias\/index.php?rest_route=%2Fwp%2Fv2%2Fcomments&post=4672"}],"version-history":[{"count":7,"href":"https:\/\/www.yungayino.cl\/noticias\/index.php?rest_route=\/wp\/v2\/posts\/4672\/revisions"}],"predecessor-version":[{"id":4679,"href":"https:\/\/www.yungayino.cl\/noticias\/index.php?rest_route=\/wp\/v2\/posts\/4672\/revisions\/4679"}],"wp:featuredmedia":[{"embeddable":true,"href":"https:\/\/www.yungayino.cl\/noticias\/index.php?rest_route=\/wp\/v2\/media\/15464"}],"wp:attachment":[{"href":"https:\/\/www.yungayino.cl\/noticias\/index.php?rest_route=%2Fwp%2Fv2%2Fmedia&parent=4672"}],"wp:term":[{"taxonomy":"category","embeddable":true,"href":"https:\/\/www.yungayino.cl\/noticias\/index.php?rest_route=%2Fwp%2Fv2%2Fcategories&post=4672"},{"taxonomy":"post_tag","embeddable":true,"href":"https:\/\/www.yungayino.cl\/noticias\/index.php?rest_route=%2Fwp%2Fv2%2Ftags&post=4672"}],"curies":[{"name":"wp","href":"https:\/\/api.w.org\/{rel}","templated":true}]}}