{"id":4680,"date":"2010-12-15T21:00:35","date_gmt":"2010-12-16T01:00:35","guid":{"rendered":"http:\/\/www.yungayino.cl\/noticias\/?p=4680"},"modified":"2010-12-15T21:53:50","modified_gmt":"2010-12-16T01:53:50","slug":"ceremonia-aniversario-n%c2%ba-13-cuarta-compania-bomberos-de-yungay","status":"publish","type":"post","link":"https:\/\/www.yungayino.cl\/noticias\/?p=4680","title":{"rendered":"Ceremonia Aniversario N\u00ba 13 Cuarta Compa\u00f1\u00eda Bomberos de Yungay"},"content":{"rendered":"<p><img loading=\"lazy\" decoding=\"async\" src=\"http:\/\/www.yungayino.cl\/imagenes\/aniversariocuartabomberos2010.jpg\" alt=\"YUNGAYINO.CL - Ceremonia Aniversario Cuarta Compa\u00f1\u00eda de Bomberos de Yungay\" width=\"500\" height=\"200\" \/><\/p>\n<p><span style=\"font-family: arial,helvetica,sans-serif;\"><span style=\"font-size: small;\">Yungay, mi\u00e9rcoles 15 diciembre a las 20:00 horas, se dio inicio a la ceremonia de aniversario N\u00ba 13 de la Cuarta Compa\u00f1\u00eda Bomberos de Yungay. La ceremonia estuvo encabezada por el Superintendente Israel Figueroa Molina, Comandante Pedro Carrasco Mieres, Vice \u2013 Superintendente Gilberto Silva Garrido, Director Fernando Morales Troncoso, asistieron tambi\u00e9n los concejales Rafael Cifuentes y Robert Melo, Teniente de Carabineros Mario Rojas e Invitados Especiales. Se les entreg\u00f3 medalla a los voluntarios fundadores de la Cuarta Compa\u00f1\u00eda y por 20 a\u00f1os de servicio. Entregando adem\u00e1s diplomas a los mejores compa\u00f1eros y voluntarios m\u00e1s comprometidos con Bomberos. Para finalizar la ceremonia compartieron un c\u00f3ctel.<\/span><\/span><\/p>\n<p><span style=\"font-family: arial,helvetica,sans-serif;\"><span style=\"font-size: small;\">La nueva Directiva para el a\u00f1o 2011 qued\u00f3 integrada por:<\/span><\/span><\/p>\n<p><span style=\"font-family: arial black,avant garde;\"><span style=\"font-size: small;\">Fernando Morales; Director<\/span><\/span><\/p>\n<p><span style=\"font-family: arial black,avant garde;\"><span style=\"font-size: small;\">Miguel Carrasco; Capit\u00e1n<\/span><\/span><\/p>\n<p><span style=\"font-family: arial black,avant garde;\"><span style=\"font-size: small;\">Manuel V\u00e1squez; 1<sup>er<\/sup> Teniente<\/span><\/span><\/p>\n<p><span style=\"font-family: arial black,avant garde;\"><span style=\"font-size: small;\">Juan Betancourt; 2<sup>do<\/sup> Teniente<\/span><\/span><\/p>\n<p><span style=\"font-family: arial black,avant garde;\"><span style=\"font-size: small;\">Rub\u00e9n Sandoval; Tesorero<\/span><\/span><\/p>\n<p><a href=\"http:\/\/www.yungayino.cl\/noticias\/?p=4680#comments\"><span style=\"font-family: arial,helvetica,sans-serif;\"><span style=\"font-size: small;\">Comente Aqu\u00ed<\/span><\/span><\/a><\/p>\n<p><a href=\"http:\/\/www.facebook.com\/album.php?aid=52686&amp;id=159561284058919&amp;saved\"><span style=\"font-family: arial,helvetica,sans-serif;\"><span style=\"font-size: small;\">Fotograf\u00edas<\/span><\/span><\/a><\/p>\n","protected":false},"excerpt":{"rendered":"<p>Yungay, mi\u00e9rcoles 15 diciembre a las 20:00 horas, se dio inicio a la ceremonia de aniversario N\u00ba 13 de la Cuarta Compa\u00f1\u00eda Bomberos de Yungay. La ceremonia estuvo encabezada por el Superintendente Israel Figueroa&#46;&#46;&#46;<\/p>\n","protected":false},"author":2,"featured_media":15465,"comment_status":"open","ping_status":"open","sticky":false,"template":"","format":"standard","meta":{"footnotes":""},"categories":[1],"tags":[125,1115,8,6],"class_list":["post-4680","post","type-post","status-publish","format-standard","has-post-thumbnail","hentry","category-noticias","tag-cuarta-compania-bomberos","tag-noticias","tag-yungay","tag-yungayino"],"_links":{"self":[{"href":"https:\/\/www.yungayino.cl\/noticias\/index.php?rest_route=\/wp\/v2\/posts\/4680","targetHints":{"allow":["GET"]}}],"collection":[{"href":"https:\/\/www.yungayino.cl\/noticias\/index.php?rest_route=\/wp\/v2\/posts"}],"about":[{"href":"https:\/\/www.yungayino.cl\/noticias\/index.php?rest_route=\/wp\/v2\/types\/post"}],"author":[{"embeddable":true,"href":"https:\/\/www.yungayino.cl\/noticias\/index.php?rest_route=\/wp\/v2\/users\/2"}],"replies":[{"embeddable":true,"href":"https:\/\/www.yungayino.cl\/noticias\/index.php?rest_route=%2Fwp%2Fv2%2Fcomments&post=4680"}],"version-history":[{"count":7,"href":"https:\/\/www.yungayino.cl\/noticias\/index.php?rest_route=\/wp\/v2\/posts\/4680\/revisions"}],"predecessor-version":[{"id":4692,"href":"https:\/\/www.yungayino.cl\/noticias\/index.php?rest_route=\/wp\/v2\/posts\/4680\/revisions\/4692"}],"wp:featuredmedia":[{"embeddable":true,"href":"https:\/\/www.yungayino.cl\/noticias\/index.php?rest_route=\/wp\/v2\/media\/15465"}],"wp:attachment":[{"href":"https:\/\/www.yungayino.cl\/noticias\/index.php?rest_route=%2Fwp%2Fv2%2Fmedia&parent=4680"}],"wp:term":[{"taxonomy":"category","embeddable":true,"href":"https:\/\/www.yungayino.cl\/noticias\/index.php?rest_route=%2Fwp%2Fv2%2Fcategories&post=4680"},{"taxonomy":"post_tag","embeddable":true,"href":"https:\/\/www.yungayino.cl\/noticias\/index.php?rest_route=%2Fwp%2Fv2%2Ftags&post=4680"}],"curies":[{"name":"wp","href":"https:\/\/api.w.org\/{rel}","templated":true}]}}