{"id":4805,"date":"2011-01-17T14:00:43","date_gmt":"2011-01-17T18:00:43","guid":{"rendered":"http:\/\/www.yungayino.cl\/noticias\/?p=4805"},"modified":"2011-01-17T15:05:25","modified_gmt":"2011-01-17T19:05:25","slug":"yungay-reabre-a-la-comunidad-la-remodelada-plaza-iquique","status":"publish","type":"post","link":"https:\/\/www.yungayino.cl\/noticias\/?p=4805","title":{"rendered":"Yungay Reabre a la Comunidad la Remodelada Plaza Iquique"},"content":{"rendered":"<p><img loading=\"lazy\" decoding=\"async\" src=\"http:\/\/www.yungayino.cl\/imagenes\/plaza20110117.jpg\" alt=\"YUNGAYINO.CL - Yungay Reabre a la Comunidad la Remodelada Plaza Iquique\" width=\"500\" height=\"200\" \/><\/p>\n<p><span style=\"font-family: arial,helvetica,sans-serif;\"><span style=\"font-size: small;\">Yungay 17 de enero, a partir de esta ma\u00f1ana se abri\u00f3 a la comunidad la remodelada Plaza Iquique, a la cu\u00e1l se le realiz\u00f3 un mejoramiento en la esquina sur poniente, luego de meses en que fue implementado el proyecto \u00a0financiado por el \u201cFondo Gobierno Regional del Bio-Bio\u201d y que tuvo un costo 49.996.000 millones de pesos, siendo realizado por la empresa contratista de Servicios de Ingenier\u00eda e Inversiones CKM Ltda. El Equipo del Portal Yungayino fotografi\u00f3 la cara de nuestra plaza y entrevisto a los primeros yungayinos quienes manifestaron encontrarla hermosa e hicieron el llamado a cuidarla. La nueva remodelaci\u00f3n cuenta con mesas adaptadas con tableros de ajedrez y se destaca las fuentes para beber agua.<\/span><\/span><\/p>\n<p><a href=\"http:\/\/www.yungayino.cl\/noticias\/?p=4805#comments\"><span style=\"font-family: arial,helvetica,sans-serif;\"><span style=\"font-size: small;\">Comente Aqu\u00ed<\/span><\/span><\/a><\/p>\n<p><a href=\"http:\/\/www.facebook.com\/album.php?aid=57875&amp;id=159561284058919&amp;saved\"><span style=\"font-family: arial,helvetica,sans-serif;\"><span style=\"font-size: small;\">Fotograf\u00edas<\/span><\/span><\/a><\/p>\n","protected":false},"excerpt":{"rendered":"<p>Yungay 17 de enero, a partir de esta ma\u00f1ana se abri\u00f3 a la comunidad la remodelada Plaza Iquique, a la cu\u00e1l se le realiz\u00f3 un mejoramiento en la esquina sur poniente, luego de meses&#46;&#46;&#46;<\/p>\n","protected":false},"author":2,"featured_media":15482,"comment_status":"open","ping_status":"open","sticky":false,"template":"","format":"standard","meta":{"footnotes":""},"categories":[1],"tags":[1115,305,8,6],"class_list":["post-4805","post","type-post","status-publish","format-standard","has-post-thumbnail","hentry","category-noticias","tag-noticias","tag-plaza-yungay","tag-yungay","tag-yungayino"],"_links":{"self":[{"href":"https:\/\/www.yungayino.cl\/noticias\/index.php?rest_route=\/wp\/v2\/posts\/4805","targetHints":{"allow":["GET"]}}],"collection":[{"href":"https:\/\/www.yungayino.cl\/noticias\/index.php?rest_route=\/wp\/v2\/posts"}],"about":[{"href":"https:\/\/www.yungayino.cl\/noticias\/index.php?rest_route=\/wp\/v2\/types\/post"}],"author":[{"embeddable":true,"href":"https:\/\/www.yungayino.cl\/noticias\/index.php?rest_route=\/wp\/v2\/users\/2"}],"replies":[{"embeddable":true,"href":"https:\/\/www.yungayino.cl\/noticias\/index.php?rest_route=%2Fwp%2Fv2%2Fcomments&post=4805"}],"version-history":[{"count":5,"href":"https:\/\/www.yungayino.cl\/noticias\/index.php?rest_route=\/wp\/v2\/posts\/4805\/revisions"}],"predecessor-version":[{"id":4810,"href":"https:\/\/www.yungayino.cl\/noticias\/index.php?rest_route=\/wp\/v2\/posts\/4805\/revisions\/4810"}],"wp:featuredmedia":[{"embeddable":true,"href":"https:\/\/www.yungayino.cl\/noticias\/index.php?rest_route=\/wp\/v2\/media\/15482"}],"wp:attachment":[{"href":"https:\/\/www.yungayino.cl\/noticias\/index.php?rest_route=%2Fwp%2Fv2%2Fmedia&parent=4805"}],"wp:term":[{"taxonomy":"category","embeddable":true,"href":"https:\/\/www.yungayino.cl\/noticias\/index.php?rest_route=%2Fwp%2Fv2%2Fcategories&post=4805"},{"taxonomy":"post_tag","embeddable":true,"href":"https:\/\/www.yungayino.cl\/noticias\/index.php?rest_route=%2Fwp%2Fv2%2Ftags&post=4805"}],"curies":[{"name":"wp","href":"https:\/\/api.w.org\/{rel}","templated":true}]}}