{"id":4867,"date":"2011-01-20T01:30:26","date_gmt":"2011-01-20T05:30:26","guid":{"rendered":"http:\/\/www.yungayino.cl\/noticias\/?p=4867"},"modified":"2011-01-20T04:54:12","modified_gmt":"2011-01-20T08:54:12","slug":"halcones","status":"publish","type":"post","link":"https:\/\/www.yungayino.cl\/noticias\/?p=4867","title":{"rendered":"Los Halcones Negros en Semana Yungayina 2011"},"content":{"rendered":"<p><img decoding=\"async\" src=\"http:\/\/www.yungayino.cl\/imagenes\/halconesnegros20110119.jpg\" alt=\"YUNGAYINO.CL - Los Halcones Negros en Semana Yungayina 2011\" \/><\/p>\n<p align=\"justify\"><font size=\"2\">Yungay 19 de Enero en el Estadio Municipal, el grupo Yungayino, que cultiva la m\u00fasica ranchera, Los Halcones Negros, abrieron el show del d\u00eda como parte del programa de la Semana Yungayina 2011, ante un gran marco de p\u00fablico, que gusta de la m\u00fasica ranchera, los Halcones hicieron bailar y cantar sus temas donde destacan entre ellos, el burrito deprimido, mi suegrita, soy fea pero sexy, entre otros. Finalmente el grupo yungayino se fue ovacionado por su gente y visitantes.<\/a><br \/>\n<a href=\"http:\/\/www.yungayino.cl\/noticias\/?p=4867#comments\">Comente Aqu\u00ed<\/a><br \/>\n<a href=\" http:\/\/www.facebook.com\/album.php?aid=58205&amp;id=159561284058919&amp;saved\">Fotograf\u00edas<\/a><br \/>\n<\/br><br \/>\n<object width=\"425\" height=\"344\"><param name=\"movie\" value=\"http:\/\/www.youtube.com\/v\/NJHfzaDz-EE?hl=es&#038;rel=0&#038;egm=0&#038;fs=1\"><\/param><param name=\"allowFullScreen\" value=\"true\"><\/param><param name=\"allowscriptaccess\" value=\"always\"><\/param><embed src=\"http:\/\/www.youtube.com\/v\/NJHfzaDz-EE?hl=es&#038;rel=0&#038;egm=0&#038;fs=1\" type=\"application\/x-shockwave-flash\" allowscriptaccess=\"always\" allowfullscreen=\"true\" width=\"425\" height=\"344\"><\/embed><\/object><\/a><\/font><\/p>\n","protected":false},"excerpt":{"rendered":"<p>Yungay 19 de Enero en el Estadio Municipal, el grupo Yungayino, que cultiva la m\u00fasica ranchera, Los Halcones Negros, abrieron el show del d\u00eda como parte del programa de la Semana Yungayina 2011, ante&#46;&#46;&#46;<\/p>\n","protected":false},"author":2,"featured_media":15491,"comment_status":"open","ping_status":"open","sticky":false,"template":"","format":"standard","meta":{"footnotes":""},"categories":[1],"tags":[310,1115,303,8,6],"class_list":["post-4867","post","type-post","status-publish","format-standard","has-post-thumbnail","hentry","category-noticias","tag-los-halcones-negros","tag-noticias","tag-semana-yungayina-2011","tag-yungay","tag-yungayino"],"_links":{"self":[{"href":"https:\/\/www.yungayino.cl\/noticias\/index.php?rest_route=\/wp\/v2\/posts\/4867","targetHints":{"allow":["GET"]}}],"collection":[{"href":"https:\/\/www.yungayino.cl\/noticias\/index.php?rest_route=\/wp\/v2\/posts"}],"about":[{"href":"https:\/\/www.yungayino.cl\/noticias\/index.php?rest_route=\/wp\/v2\/types\/post"}],"author":[{"embeddable":true,"href":"https:\/\/www.yungayino.cl\/noticias\/index.php?rest_route=\/wp\/v2\/users\/2"}],"replies":[{"embeddable":true,"href":"https:\/\/www.yungayino.cl\/noticias\/index.php?rest_route=%2Fwp%2Fv2%2Fcomments&post=4867"}],"version-history":[{"count":10,"href":"https:\/\/www.yungayino.cl\/noticias\/index.php?rest_route=\/wp\/v2\/posts\/4867\/revisions"}],"predecessor-version":[{"id":4891,"href":"https:\/\/www.yungayino.cl\/noticias\/index.php?rest_route=\/wp\/v2\/posts\/4867\/revisions\/4891"}],"wp:featuredmedia":[{"embeddable":true,"href":"https:\/\/www.yungayino.cl\/noticias\/index.php?rest_route=\/wp\/v2\/media\/15491"}],"wp:attachment":[{"href":"https:\/\/www.yungayino.cl\/noticias\/index.php?rest_route=%2Fwp%2Fv2%2Fmedia&parent=4867"}],"wp:term":[{"taxonomy":"category","embeddable":true,"href":"https:\/\/www.yungayino.cl\/noticias\/index.php?rest_route=%2Fwp%2Fv2%2Fcategories&post=4867"},{"taxonomy":"post_tag","embeddable":true,"href":"https:\/\/www.yungayino.cl\/noticias\/index.php?rest_route=%2Fwp%2Fv2%2Ftags&post=4867"}],"curies":[{"name":"wp","href":"https:\/\/api.w.org\/{rel}","templated":true}]}}