{"id":4877,"date":"2011-01-20T02:30:21","date_gmt":"2011-01-20T06:30:21","guid":{"rendered":"http:\/\/www.yungayino.cl\/noticias\/?p=4877"},"modified":"2011-01-20T04:52:51","modified_gmt":"2011-01-20T08:52:51","slug":"maria-jose-quintanilla-en-semana-yungayina-2011","status":"publish","type":"post","link":"https:\/\/www.yungayino.cl\/noticias\/?p=4877","title":{"rendered":"Mar\u00eda Jos\u00e9 Quintanilla en Semana Yungayina 2011"},"content":{"rendered":"<p><img decoding=\"async\" src=\"http:\/\/www.yungayino.cl\/imagenes\/quintanillaenyungay.jpg\" alt=\"YUNGAYINO.CL - Mar\u00eda Jos\u00e9 Quintanilla en Semana Yungayina 2011\" \/><\/p>\n<p align=\"justify\"><font size=\"2\"><\/a>Yungay 19 de enero a las 23:00 horas en el Estadio Municipal se present\u00f3 Mar\u00eda Jos\u00e9 Quintanilla, qui\u00e9n acompa\u00f1ada por sus m\u00fasicos y mariachis, realizaron una impecable presentaci\u00f3n que dio inicio a las actividades de la Semana Yungayina 2011. Ante un p\u00fablico euf\u00f3rico la cantante realiz\u00f3 una destacada presentaci\u00f3n y donde su repertorio estuvo compuesto por grandes \u00e9xitos que han acompa\u00f1ado la carrera de la joven cantante. Finalmente Mar\u00eda Jos\u00e9 Quintanilla recibi\u00f3 de parte del alcalde Pedro Inostroza un ramillete de flores y la ovaci\u00f3n del p\u00fablico presente.<\/a><br \/>\n<a href=\"http:\/\/www.yungayino.cl\/noticias\/?p=4877#comments\">Comente Aqu\u00ed<\/a><br \/>\n<a href=\"http:\/\/www.facebook.com\/album.php?aid=58211&#038;id=159561284058919&#038;saved\">Fotograf\u00edas<\/a><br \/>\n<\/br><br \/>\n<object width=\"425\" height=\"344\"><param name=\"movie\" value=\"http:\/\/www.youtube.com\/v\/6HT_JkjHFLc?hl=es&#038;fs=1\"><\/param><param name=\"allowFullScreen\" value=\"true\"><\/param><param name=\"allowscriptaccess\" value=\"always\"><\/param><embed src=\"http:\/\/www.youtube.com\/v\/6HT_JkjHFLc?hl=es&#038;fs=1\" type=\"application\/x-shockwave-flash\" allowscriptaccess=\"always\" allowfullscreen=\"true\" width=\"425\" height=\"344\"><\/embed><\/object><\/a><\/font><\/p>\n","protected":false},"excerpt":{"rendered":"<p>Yungay 19 de enero a las 23:00 horas en el Estadio Municipal se present\u00f3 Mar\u00eda Jos\u00e9 Quintanilla, qui\u00e9n acompa\u00f1ada por sus m\u00fasicos y mariachis, realizaron una impecable presentaci\u00f3n que dio inicio a las actividades&#46;&#46;&#46;<\/p>\n","protected":false},"author":2,"featured_media":15492,"comment_status":"open","ping_status":"open","sticky":false,"template":"","format":"standard","meta":{"footnotes":""},"categories":[1],"tags":[311,1115,303,8,6],"class_list":["post-4877","post","type-post","status-publish","format-standard","has-post-thumbnail","hentry","category-noticias","tag-maria-jose-quintanilla","tag-noticias","tag-semana-yungayina-2011","tag-yungay","tag-yungayino"],"_links":{"self":[{"href":"https:\/\/www.yungayino.cl\/noticias\/index.php?rest_route=\/wp\/v2\/posts\/4877","targetHints":{"allow":["GET"]}}],"collection":[{"href":"https:\/\/www.yungayino.cl\/noticias\/index.php?rest_route=\/wp\/v2\/posts"}],"about":[{"href":"https:\/\/www.yungayino.cl\/noticias\/index.php?rest_route=\/wp\/v2\/types\/post"}],"author":[{"embeddable":true,"href":"https:\/\/www.yungayino.cl\/noticias\/index.php?rest_route=\/wp\/v2\/users\/2"}],"replies":[{"embeddable":true,"href":"https:\/\/www.yungayino.cl\/noticias\/index.php?rest_route=%2Fwp%2Fv2%2Fcomments&post=4877"}],"version-history":[{"count":8,"href":"https:\/\/www.yungayino.cl\/noticias\/index.php?rest_route=\/wp\/v2\/posts\/4877\/revisions"}],"predecessor-version":[{"id":4887,"href":"https:\/\/www.yungayino.cl\/noticias\/index.php?rest_route=\/wp\/v2\/posts\/4877\/revisions\/4887"}],"wp:featuredmedia":[{"embeddable":true,"href":"https:\/\/www.yungayino.cl\/noticias\/index.php?rest_route=\/wp\/v2\/media\/15492"}],"wp:attachment":[{"href":"https:\/\/www.yungayino.cl\/noticias\/index.php?rest_route=%2Fwp%2Fv2%2Fmedia&parent=4877"}],"wp:term":[{"taxonomy":"category","embeddable":true,"href":"https:\/\/www.yungayino.cl\/noticias\/index.php?rest_route=%2Fwp%2Fv2%2Fcategories&post=4877"},{"taxonomy":"post_tag","embeddable":true,"href":"https:\/\/www.yungayino.cl\/noticias\/index.php?rest_route=%2Fwp%2Fv2%2Ftags&post=4877"}],"curies":[{"name":"wp","href":"https:\/\/api.w.org\/{rel}","templated":true}]}}