{"id":4980,"date":"2011-01-31T19:00:07","date_gmt":"2011-01-31T23:00:07","guid":{"rendered":"http:\/\/www.yungayino.cl\/noticias\/?p=4980"},"modified":"2011-01-31T19:30:48","modified_gmt":"2011-01-31T23:30:48","slug":"yungay-te-invita-a-disfrutar-del-arte-y-la-cultura-este-verano-2011","status":"publish","type":"post","link":"https:\/\/www.yungayino.cl\/noticias\/?p=4980","title":{"rendered":"Yungay Te Invita a Disfrutar del Arte y la Cultura Este Verano 2011"},"content":{"rendered":"<p><img loading=\"lazy\" decoding=\"async\" src=\"http:\/\/www.yungayino.cl\/imagenes\/quintetocuerdas20100127.jpg\" alt=\"YUNGAYINO.CL - Quinteto de Cuerdas en Yungay\" width=\"500\" height=\"200\" \/><\/p>\n<p><span style=\"font-family: arial,helvetica,sans-serif;\"><span style=\"font-size: small;\">Yungay 31 de enero, la Ilustre Municipalidad te invita a disfrutar del Arte y la  Cultura este verano 2011 y para eso el alcalde Pedro Inostroza, qui\u00e9n comprometido con el desarrollo art\u00edstico y cultural de la comuna hace esta invitaci\u00f3n a participar y presenciar de show de alta calidad art\u00edstica y adem\u00e1s de compartir el talento de grandes m\u00fasicos nacionales. Cabe destacar que la primera presentaci\u00f3n se realiz\u00f3 el pasado 27 de enero donde se presento Irina Pizarro en el Ode\u00f3n de la Plaza Iquique. Esta actividad cuenta con el auspicio del Gobierno Regional Bio-Bio.<\/span><\/span><\/p>\n<p><span style=\"font-family: arial,helvetica,sans-serif;\"><span style=\"font-size: small;\"> <strong>Pr\u00f3ximas Presentaciones:<\/strong><\/span><\/span><\/p>\n<p><span style=\"font-family: arial,helvetica,sans-serif;\"><span style=\"font-size: small;\">04 de Febrero 2011, a las 20:00 horas Ode\u00f3n Plaza Iquique, Canto L\u00edrico, con la presentaci\u00f3n de Miriam Sherezada<\/span><\/span><\/p>\n<p><span style=\"font-family: arial,helvetica,sans-serif;\"><span style=\"font-size: small;\">14 de Febrero2011, a las 21:30 horas Ode\u00f3n Plaza Iquique, Noche de Tangos y Boleros, con la presentaci\u00f3n de Nelson Olate<\/span><\/span><\/p>\n<p><a href=\"http:\/\/www.yungayino.cl\/noticias\/?p=4980#comments\"><span style=\"font-family: arial,helvetica,sans-serif;\"><span style=\"font-size: small;\">Comente Aqu\u00ed<\/span><\/span><\/a><\/p>\n<p><a href=\"http:\/\/www.facebook.com\/album.php?aid=59646&amp;id=159561284058919&amp;saved\"><span style=\"font-family: arial,helvetica,sans-serif;\"><span style=\"font-size: small;\">Fotograf\u00edas<\/span><\/span><\/a><\/p>\n","protected":false},"excerpt":{"rendered":"<p>Yungay 31 de enero, la Ilustre Municipalidad te invita a disfrutar del Arte y la Cultura este verano 2011 y para eso el alcalde Pedro Inostroza, qui\u00e9n comprometido con el desarrollo art\u00edstico y cultural&#46;&#46;&#46;<\/p>\n","protected":false},"author":2,"featured_media":15502,"comment_status":"open","ping_status":"open","sticky":false,"template":"","format":"standard","meta":{"footnotes":""},"categories":[1],"tags":[1115,8,322,6],"class_list":["post-4980","post","type-post","status-publish","format-standard","has-post-thumbnail","hentry","category-noticias","tag-noticias","tag-yungay","tag-yungay-canta-y-encanta","tag-yungayino"],"_links":{"self":[{"href":"https:\/\/www.yungayino.cl\/noticias\/index.php?rest_route=\/wp\/v2\/posts\/4980","targetHints":{"allow":["GET"]}}],"collection":[{"href":"https:\/\/www.yungayino.cl\/noticias\/index.php?rest_route=\/wp\/v2\/posts"}],"about":[{"href":"https:\/\/www.yungayino.cl\/noticias\/index.php?rest_route=\/wp\/v2\/types\/post"}],"author":[{"embeddable":true,"href":"https:\/\/www.yungayino.cl\/noticias\/index.php?rest_route=\/wp\/v2\/users\/2"}],"replies":[{"embeddable":true,"href":"https:\/\/www.yungayino.cl\/noticias\/index.php?rest_route=%2Fwp%2Fv2%2Fcomments&post=4980"}],"version-history":[{"count":5,"href":"https:\/\/www.yungayino.cl\/noticias\/index.php?rest_route=\/wp\/v2\/posts\/4980\/revisions"}],"predecessor-version":[{"id":4985,"href":"https:\/\/www.yungayino.cl\/noticias\/index.php?rest_route=\/wp\/v2\/posts\/4980\/revisions\/4985"}],"wp:featuredmedia":[{"embeddable":true,"href":"https:\/\/www.yungayino.cl\/noticias\/index.php?rest_route=\/wp\/v2\/media\/15502"}],"wp:attachment":[{"href":"https:\/\/www.yungayino.cl\/noticias\/index.php?rest_route=%2Fwp%2Fv2%2Fmedia&parent=4980"}],"wp:term":[{"taxonomy":"category","embeddable":true,"href":"https:\/\/www.yungayino.cl\/noticias\/index.php?rest_route=%2Fwp%2Fv2%2Fcategories&post=4980"},{"taxonomy":"post_tag","embeddable":true,"href":"https:\/\/www.yungayino.cl\/noticias\/index.php?rest_route=%2Fwp%2Fv2%2Ftags&post=4980"}],"curies":[{"name":"wp","href":"https:\/\/api.w.org\/{rel}","templated":true}]}}