{"id":5035,"date":"2011-02-03T16:00:54","date_gmt":"2011-02-03T20:00:54","guid":{"rendered":"http:\/\/www.yungayino.cl\/noticias\/?p=5035"},"modified":"2011-02-03T20:25:13","modified_gmt":"2011-02-04T00:25:13","slug":"embajada-de-japon-hizo-entrega-de-una-clinica-dental-movil-a-la-comuna-de-pemuco","status":"publish","type":"post","link":"https:\/\/www.yungayino.cl\/noticias\/?p=5035","title":{"rendered":"Embajada de Jap\u00f3n Hizo Entrega de una Cl\u00ednica Dental M\u00f3vil a la Comuna de Pemuco"},"content":{"rendered":"<p><img loading=\"lazy\" decoding=\"async\" src=\"http:\/\/www.yungayino.cl\/imagenes\/clinicadentalpemuco.jpg\" alt=\"YUNGAYINO.CL - Cl\u00ednica Dental M\u00f3vil en Pemuco\" width=\"500\" height=\"200\" \/>Pemuco 03 de febrero cientos de pemucanos se reunieron en la plaza de armas, para festejar la llegada de una cl\u00ednica dental m\u00f3vil que permitir\u00e1 una atenci\u00f3n dental estimada en 2.320 personas de la zona oriente de la comuna, incluida el \u00e1rea de la precordillera, quienes tienen dificultades para acceder a tratamientos bucales, principalmente por la lejan\u00eda de los sectores, la situaci\u00f3n vulnerable de las familias y la escasa posibilidad de acceder a los centros de salud. Con la adquisici\u00f3n de esta cl\u00ednica dental m\u00f3vil se podr\u00e1 generar un programa dental integral e incremental capaz de intervenir a edades tempranas los factores asociados a las caries dentales, mejorando de esta forma las expectativas futuras de la poblaci\u00f3n en tratamiento, adem\u00e1s permitir\u00e1 el ahorro econ\u00f3mico y disminuci\u00f3n del tiempo del viaje de las familias pemucanas en su tratamiento. Participaron en la llegada de esta importante adquisici\u00f3n el embajador de Jap\u00f3n Wataru Hayash y el alcalde Julio Mu\u00f1oz.<\/a><br \/>\n<a href=\"http:\/\/www.yungayino.cl\/noticias\/?p=5035#comments\">Comente Aqu\u00ed<\/a><br \/>\n<a href=\"http:\/\/www.facebook.com\/#!\/album.php?aid=60012&#038;id=159561284058919&#038;fbid=198629363485444\">Fotograf\u00edas<\/a><\/font><\/p>\n","protected":false},"excerpt":{"rendered":"<p>Pemuco 03 de febrero cientos de pemucanos se reunieron en la plaza de armas, para festejar la llegada de una cl\u00ednica dental m\u00f3vil que permitir\u00e1 una atenci\u00f3n dental estimada en 2.320 personas de la&#46;&#46;&#46;<\/p>\n","protected":false},"author":2,"featured_media":15509,"comment_status":"open","ping_status":"open","sticky":false,"template":"","format":"standard","meta":{"footnotes":""},"categories":[1],"tags":[325,1115,30,8,6],"class_list":["post-5035","post","type-post","status-publish","format-standard","has-post-thumbnail","hentry","category-noticias","tag-clinica-dental-movil","tag-noticias","tag-pemuco","tag-yungay","tag-yungayino"],"_links":{"self":[{"href":"https:\/\/www.yungayino.cl\/noticias\/index.php?rest_route=\/wp\/v2\/posts\/5035","targetHints":{"allow":["GET"]}}],"collection":[{"href":"https:\/\/www.yungayino.cl\/noticias\/index.php?rest_route=\/wp\/v2\/posts"}],"about":[{"href":"https:\/\/www.yungayino.cl\/noticias\/index.php?rest_route=\/wp\/v2\/types\/post"}],"author":[{"embeddable":true,"href":"https:\/\/www.yungayino.cl\/noticias\/index.php?rest_route=\/wp\/v2\/users\/2"}],"replies":[{"embeddable":true,"href":"https:\/\/www.yungayino.cl\/noticias\/index.php?rest_route=%2Fwp%2Fv2%2Fcomments&post=5035"}],"version-history":[{"count":6,"href":"https:\/\/www.yungayino.cl\/noticias\/index.php?rest_route=\/wp\/v2\/posts\/5035\/revisions"}],"predecessor-version":[{"id":5044,"href":"https:\/\/www.yungayino.cl\/noticias\/index.php?rest_route=\/wp\/v2\/posts\/5035\/revisions\/5044"}],"wp:featuredmedia":[{"embeddable":true,"href":"https:\/\/www.yungayino.cl\/noticias\/index.php?rest_route=\/wp\/v2\/media\/15509"}],"wp:attachment":[{"href":"https:\/\/www.yungayino.cl\/noticias\/index.php?rest_route=%2Fwp%2Fv2%2Fmedia&parent=5035"}],"wp:term":[{"taxonomy":"category","embeddable":true,"href":"https:\/\/www.yungayino.cl\/noticias\/index.php?rest_route=%2Fwp%2Fv2%2Fcategories&post=5035"},{"taxonomy":"post_tag","embeddable":true,"href":"https:\/\/www.yungayino.cl\/noticias\/index.php?rest_route=%2Fwp%2Fv2%2Ftags&post=5035"}],"curies":[{"name":"wp","href":"https:\/\/api.w.org\/{rel}","templated":true}]}}