{"id":5084,"date":"2011-02-07T16:00:37","date_gmt":"2011-02-07T20:00:37","guid":{"rendered":"http:\/\/www.yungayino.cl\/noticias\/?p=5084"},"modified":"2011-02-15T16:20:02","modified_gmt":"2011-02-15T20:20:02","slug":"fin-de-feria-costumbrista-de-yungay-2011","status":"publish","type":"post","link":"https:\/\/www.yungayino.cl\/noticias\/?p=5084","title":{"rendered":"Fin de Feria Costumbrista de Yungay 2011"},"content":{"rendered":"<p><img loading=\"lazy\" decoding=\"async\" src=\"http:\/\/www.yungayino.cl\/imagenes\/feriacostumbrista20110206.jpg\" alt=\"YUNGAYINO.CL - Fin de Feria Costumbrista de Yungay 2011 \" width=\"500\" height=\"200\" \/><\/p>\n<p><span style=\"font-family: arial,helvetica,sans-serif;\"><span style=\"font-size: small;\">Yungay, con la presentaci\u00f3n del Grupo \u201cLas Capitalinas\u201d se puso fin a la novena versi\u00f3n de la Feria Costumbrista Yungay 2011 y ante un lleno total de p\u00fablico que pudo disfrutar de un excelente espect\u00e1culo que se dio inicio con la actuaci\u00f3n de Ma\u00fallen. Durante toda la semana los yungayinos y visitantes pudieron disfrutar de show al aire libre con la participaci\u00f3n de Conjuntos Folkl\u00f3ricos, Payadores, Talleres de Baile y Artistas Locales, adem\u00e1s de los stands que ofrec\u00edan sus variados productos. Cabe recordar que esta Feria Costumbrista estuvo organizada por el Municipio con el compromiso de promover, desarrollar, proyectar y difundir la producci\u00f3n local, provincial, regional y nacional de nuestras manifestaciones culturales, econ\u00f3micas y sociales.<\/span><\/span><\/p>\n<p><a href=\"http:\/\/www.yungayino.cl\/noticias\/?p=5084#comments\"><span style=\"font-family: arial,helvetica,sans-serif;\"><span style=\"font-size: small;\">Comente Aqu\u00ed<\/span><\/span><\/a><\/p>\n<p><a href=\"http:\/\/www.facebook.com\/?sk=myuploads#!\/album.php?id=159561284058919&amp;aid=61182\"><span style=\"font-family: arial,helvetica,sans-serif;\"><span style=\"font-size: small;\">Fotograf\u00edas Cuarta Noche<\/span><\/span><\/a><\/p>\n<p><span style=\"font-family: arial,helvetica,sans-serif;\"><span style=\"font-size: small;\"><a href=\"http:\/\/www.facebook.com\/?sk=myuploads#!\/album.php?id=159561284058919&amp;aid=61188\">Fotograf\u00edas Quinta Noche<\/a><br \/>\n<\/span><\/span><\/p>\n<p><span style=\"font-family: arial,helvetica,sans-serif;\"><span style=\"font-size: small;\"><a href=\"http:\/\/www.facebook.com\/album.php?id=159561284058919&amp;aid=61190\">Fotograf\u00edas \u00daltima Noche<\/a><br \/>\n<\/span><\/span><\/p>\n","protected":false},"excerpt":{"rendered":"<p>Yungay, con la presentaci\u00f3n del Grupo \u201cLas Capitalinas\u201d se puso fin a la novena versi\u00f3n de la Feria Costumbrista Yungay 2011 y ante un lleno total de p\u00fablico que pudo disfrutar de un excelente&#46;&#46;&#46;<\/p>\n","protected":false},"author":2,"featured_media":15515,"comment_status":"open","ping_status":"open","sticky":false,"template":"","format":"standard","meta":{"footnotes":""},"categories":[1],"tags":[326,1115,8,6],"class_list":["post-5084","post","type-post","status-publish","format-standard","has-post-thumbnail","hentry","category-noticias","tag-feriacostumbrista-yungay","tag-noticias","tag-yungay","tag-yungayino"],"_links":{"self":[{"href":"https:\/\/www.yungayino.cl\/noticias\/index.php?rest_route=\/wp\/v2\/posts\/5084","targetHints":{"allow":["GET"]}}],"collection":[{"href":"https:\/\/www.yungayino.cl\/noticias\/index.php?rest_route=\/wp\/v2\/posts"}],"about":[{"href":"https:\/\/www.yungayino.cl\/noticias\/index.php?rest_route=\/wp\/v2\/types\/post"}],"author":[{"embeddable":true,"href":"https:\/\/www.yungayino.cl\/noticias\/index.php?rest_route=\/wp\/v2\/users\/2"}],"replies":[{"embeddable":true,"href":"https:\/\/www.yungayino.cl\/noticias\/index.php?rest_route=%2Fwp%2Fv2%2Fcomments&post=5084"}],"version-history":[{"count":5,"href":"https:\/\/www.yungayino.cl\/noticias\/index.php?rest_route=\/wp\/v2\/posts\/5084\/revisions"}],"predecessor-version":[{"id":5089,"href":"https:\/\/www.yungayino.cl\/noticias\/index.php?rest_route=\/wp\/v2\/posts\/5084\/revisions\/5089"}],"wp:featuredmedia":[{"embeddable":true,"href":"https:\/\/www.yungayino.cl\/noticias\/index.php?rest_route=\/wp\/v2\/media\/15515"}],"wp:attachment":[{"href":"https:\/\/www.yungayino.cl\/noticias\/index.php?rest_route=%2Fwp%2Fv2%2Fmedia&parent=5084"}],"wp:term":[{"taxonomy":"category","embeddable":true,"href":"https:\/\/www.yungayino.cl\/noticias\/index.php?rest_route=%2Fwp%2Fv2%2Fcategories&post=5084"},{"taxonomy":"post_tag","embeddable":true,"href":"https:\/\/www.yungayino.cl\/noticias\/index.php?rest_route=%2Fwp%2Fv2%2Ftags&post=5084"}],"curies":[{"name":"wp","href":"https:\/\/api.w.org\/{rel}","templated":true}]}}