{"id":5097,"date":"2011-02-15T18:00:46","date_gmt":"2011-02-15T22:00:46","guid":{"rendered":"http:\/\/www.yungayino.cl\/noticias\/?p=5097"},"modified":"2011-02-15T18:27:33","modified_gmt":"2011-02-15T22:27:33","slug":"comenzaron-actividades-semana-pemucana-2011","status":"publish","type":"post","link":"https:\/\/www.yungayino.cl\/noticias\/?p=5097","title":{"rendered":"Comenzaron Actividades Semana Pemucana 2011"},"content":{"rendered":"<p><img loading=\"lazy\" decoding=\"async\" src=\"http:\/\/www.yungayino.cl\/imagenes\/pemucana20110214.jpg\" alt=\"YUNGAYINO.CL - Semana Pemucana\" width=\"500\" height=\"200\" \/><\/p>\n<p><span style=\"font-family: arial,helvetica,sans-serif;\"><span style=\"font-size: small;\">La semana Pemucana 2011, se llevar\u00e1 a cabo entre los d\u00edas 14 y 20 de febrero, comenzando con la coronaci\u00f3n de la Reina  Katerine Valenzuela y la presentaci\u00f3n de Eduardo Gatti, para celebrar el d\u00eda de los enamorados, con un marco considerable de p\u00fablico que super\u00f3 las 1500 personas. Otros artistas invitados son el Grupo CRONI-K, Gondwana, Grupo Proyecto Power, Sonora Palacios Junior y Grupo Alegr\u00eda, entre otros. Todo estar\u00e1 organizado por la Ilustre Municipalidad de Pemuco, es por ello que se invita a asistir en familia y disfrutar las actividades preparadas para la ocasi\u00f3n. Informaci\u00f3n Proporcionada por Alejandro Mu\u00f1oz Jara, Encargado comunicaciones Municipalidad de Pemuco.<\/span><\/span><\/p>\n<p><a href=\"http:\/\/www.yungayino.cl\/noticias\/?p=5097#comments\"><span style=\"font-family: arial,helvetica,sans-serif;\"><span style=\"font-size: small;\">Comente Aqu\u00ed<\/span><\/span><\/a><\/p>\n<p><a href=\"http:\/\/www.yungayino.cl\/imagenes\/semanapemucana2011.doc\"><span style=\"font-family: arial,helvetica,sans-serif;\"><span style=\"font-size: small;\">Programa Actividades<\/span><\/span><\/a><\/p>\n","protected":false},"excerpt":{"rendered":"<p>La semana Pemucana 2011, se llevar\u00e1 a cabo entre los d\u00edas 14 y 20 de febrero, comenzando con la coronaci\u00f3n de la Reina Katerine Valenzuela y la presentaci\u00f3n de Eduardo Gatti, para celebrar el&#46;&#46;&#46;<\/p>\n","protected":false},"author":2,"featured_media":15517,"comment_status":"open","ping_status":"open","sticky":false,"template":"","format":"standard","meta":{"footnotes":""},"categories":[1],"tags":[1115,30,171,8,6],"class_list":["post-5097","post","type-post","status-publish","format-standard","has-post-thumbnail","hentry","category-noticias","tag-noticias","tag-pemuco","tag-semana-pemucana","tag-yungay","tag-yungayino"],"_links":{"self":[{"href":"https:\/\/www.yungayino.cl\/noticias\/index.php?rest_route=\/wp\/v2\/posts\/5097","targetHints":{"allow":["GET"]}}],"collection":[{"href":"https:\/\/www.yungayino.cl\/noticias\/index.php?rest_route=\/wp\/v2\/posts"}],"about":[{"href":"https:\/\/www.yungayino.cl\/noticias\/index.php?rest_route=\/wp\/v2\/types\/post"}],"author":[{"embeddable":true,"href":"https:\/\/www.yungayino.cl\/noticias\/index.php?rest_route=\/wp\/v2\/users\/2"}],"replies":[{"embeddable":true,"href":"https:\/\/www.yungayino.cl\/noticias\/index.php?rest_route=%2Fwp%2Fv2%2Fcomments&post=5097"}],"version-history":[{"count":4,"href":"https:\/\/www.yungayino.cl\/noticias\/index.php?rest_route=\/wp\/v2\/posts\/5097\/revisions"}],"predecessor-version":[{"id":5101,"href":"https:\/\/www.yungayino.cl\/noticias\/index.php?rest_route=\/wp\/v2\/posts\/5097\/revisions\/5101"}],"wp:featuredmedia":[{"embeddable":true,"href":"https:\/\/www.yungayino.cl\/noticias\/index.php?rest_route=\/wp\/v2\/media\/15517"}],"wp:attachment":[{"href":"https:\/\/www.yungayino.cl\/noticias\/index.php?rest_route=%2Fwp%2Fv2%2Fmedia&parent=5097"}],"wp:term":[{"taxonomy":"category","embeddable":true,"href":"https:\/\/www.yungayino.cl\/noticias\/index.php?rest_route=%2Fwp%2Fv2%2Fcategories&post=5097"},{"taxonomy":"post_tag","embeddable":true,"href":"https:\/\/www.yungayino.cl\/noticias\/index.php?rest_route=%2Fwp%2Fv2%2Ftags&post=5097"}],"curies":[{"name":"wp","href":"https:\/\/api.w.org\/{rel}","templated":true}]}}