{"id":5102,"date":"2011-02-16T13:00:22","date_gmt":"2011-02-16T17:00:22","guid":{"rendered":"http:\/\/www.yungayino.cl\/noticias\/?p=5102"},"modified":"2011-02-16T21:07:13","modified_gmt":"2011-02-17T01:07:13","slug":"semana-pemucana-2011-tuvo-noche-para-la-juventud-con-croni-k","status":"publish","type":"post","link":"https:\/\/www.yungayino.cl\/noticias\/?p=5102","title":{"rendered":"Semana Pemucana 2011 Tuvo Noche Para la Juventud con CRONI-K"},"content":{"rendered":"<p><img decoding=\"async\" src=\"http:\/\/www.yungayino.cl\/imagenes\/cronikpemuco.jpg\" alt=\"YUNGAYINO.CL - Grupo CRONI_K en Semana Pemucana 2011\" \/><\/p>\n<p align=\"justify\"><font size=\"2\">Pemuco 15 de Febrero, la Semana Pemucana 2011 tuvo su noche para la juventud con la actuaci\u00f3n del Grupo CRONI-K y la Fiesta L\u00e1ser. Un centenar de j\u00f3venes pudieron disfrutar con la m\u00fasica del grupo reguetonero, quienes hicieron bailar y cantar sus canciones, y donde se destaco el tema \u201cArriba la Vida\u201d. Todo esto se desarrollo en el Gimnasio Municipal, con la animaci\u00f3n de Alejandro Mu\u00f1oz, la jornada cont\u00f3 con la presencia del alcalde Julio Mu\u00f1oz, qui\u00e9n en una entrevista al Equipo del Portal Yungayino hizo la invitaci\u00f3n a toda la comunidad Pemucana y visitantes a disfrutar de la \u201cSemana Pemucana 2011\u201d que se esta desarrollando entre  el 14 al 20 de Febrero y donde se destaca la diversi\u00f3n, la m\u00fasica, las tradiciones del campo chileno, adem\u00e1s se contemplada la participaci\u00f3n de Gondwana, Grupo Proyecto Power, Sonora Palacios Junior y el Grupo Alegr\u00eda.<\/a><br \/>\n<a href=\"http:\/\/www.yungayino.cl\/noticias\/?p=5102#comments\">Comente Aqu\u00ed<\/a><br \/>\n<a href=\"http:\/\/www.facebook.com\/album.php?aid=61816&#038;id=159561284058919&#038;saved\">Fotograf\u00edas<\/a><br \/>\n<a href=\"http:\/\/www.yungayino.cl\/imagenes\/YUNGAYINO.CL_Semana_Pemucana_2011.pdf\">Programa Actividades<\/a><br \/>\n<\/br><br \/>\n<object width=\"425\" height=\"344\"><param name=\"movie\" value=\"http:\/\/www.youtube.com\/v\/OIN58LhhurQ?hl=es&#038;rel=0&#038;egm=0&#038;fs=1\"><\/param><param name=\"allowFullScreen\" value=\"true\"><\/param><param name=\"allowscriptaccess\" value=\"always\"><\/param><embed src=\"http:\/\/www.youtube.com\/v\/OIN58LhhurQ?hl=es&#038;rel=0&#038;egm=0&#038;fs=1\" type=\"application\/x-shockwave-flash\" allowscriptaccess=\"always\" allowfullscreen=\"true\" width=\"425\" height=\"344\"><\/embed><\/object><\/a><br \/>\n<\/br><br \/>\n<object width=\"425\" height=\"344\"><param name=\"movie\" value=\"http:\/\/www.youtube.com\/v\/UCSxbDYiFUI?hl=es&#038;rel=0&#038;egm=0&#038;fs=1\"><\/param><param name=\"allowFullScreen\" value=\"true\"><\/param><param name=\"allowscriptaccess\" value=\"always\"><\/param><embed src=\"http:\/\/www.youtube.com\/v\/UCSxbDYiFUI?hl=es&#038;rel=0&#038;egm=0&#038;fs=1\" type=\"application\/x-shockwave-flash\" allowscriptaccess=\"always\" allowfullscreen=\"true\" width=\"425\" height=\"344\"><\/embed><\/object><\/a><\/font><\/p>\n","protected":false},"excerpt":{"rendered":"<p>Pemuco 15 de Febrero, la Semana Pemucana 2011 tuvo su noche para la juventud con la actuaci\u00f3n del Grupo CRONI-K y la Fiesta L\u00e1ser. Un centenar de j\u00f3venes pudieron disfrutar con la m\u00fasica del&#46;&#46;&#46;<\/p>\n","protected":false},"author":2,"featured_media":15518,"comment_status":"open","ping_status":"open","sticky":false,"template":"","format":"standard","meta":{"footnotes":""},"categories":[1],"tags":[1115,30,171,8,6],"class_list":["post-5102","post","type-post","status-publish","format-standard","has-post-thumbnail","hentry","category-noticias","tag-noticias","tag-pemuco","tag-semana-pemucana","tag-yungay","tag-yungayino"],"_links":{"self":[{"href":"https:\/\/www.yungayino.cl\/noticias\/index.php?rest_route=\/wp\/v2\/posts\/5102","targetHints":{"allow":["GET"]}}],"collection":[{"href":"https:\/\/www.yungayino.cl\/noticias\/index.php?rest_route=\/wp\/v2\/posts"}],"about":[{"href":"https:\/\/www.yungayino.cl\/noticias\/index.php?rest_route=\/wp\/v2\/types\/post"}],"author":[{"embeddable":true,"href":"https:\/\/www.yungayino.cl\/noticias\/index.php?rest_route=\/wp\/v2\/users\/2"}],"replies":[{"embeddable":true,"href":"https:\/\/www.yungayino.cl\/noticias\/index.php?rest_route=%2Fwp%2Fv2%2Fcomments&post=5102"}],"version-history":[{"count":11,"href":"https:\/\/www.yungayino.cl\/noticias\/index.php?rest_route=\/wp\/v2\/posts\/5102\/revisions"}],"predecessor-version":[{"id":5117,"href":"https:\/\/www.yungayino.cl\/noticias\/index.php?rest_route=\/wp\/v2\/posts\/5102\/revisions\/5117"}],"wp:featuredmedia":[{"embeddable":true,"href":"https:\/\/www.yungayino.cl\/noticias\/index.php?rest_route=\/wp\/v2\/media\/15518"}],"wp:attachment":[{"href":"https:\/\/www.yungayino.cl\/noticias\/index.php?rest_route=%2Fwp%2Fv2%2Fmedia&parent=5102"}],"wp:term":[{"taxonomy":"category","embeddable":true,"href":"https:\/\/www.yungayino.cl\/noticias\/index.php?rest_route=%2Fwp%2Fv2%2Fcategories&post=5102"},{"taxonomy":"post_tag","embeddable":true,"href":"https:\/\/www.yungayino.cl\/noticias\/index.php?rest_route=%2Fwp%2Fv2%2Ftags&post=5102"}],"curies":[{"name":"wp","href":"https:\/\/api.w.org\/{rel}","templated":true}]}}