{"id":5112,"date":"2011-02-16T16:00:52","date_gmt":"2011-02-16T20:00:52","guid":{"rendered":"http:\/\/www.yungayino.cl\/noticias\/?p=5112"},"modified":"2011-02-17T13:22:18","modified_gmt":"2011-02-17T17:22:18","slug":"clausura-comunal-centros-de-atencion-para-hijas-e-hijos-de-madres-temporeras-en-yungay","status":"publish","type":"post","link":"https:\/\/www.yungayino.cl\/noticias\/?p=5112","title":{"rendered":"Clausura Comunal \u00abCentros de Atenci\u00f3n para Hijas e Hijos de Madres Temporeras\u00bb en Yungay"},"content":{"rendered":"<p><img decoding=\"async\" src=\"http:\/\/www.yungayino.cl\/imagenes\/programa20110216.jpg\" alt=\"YUNGAYINO.CL - Centros de Atenci\u00f3n Para Hijas e Hijos de Madres Temporeras\" \/><\/p>\n<p align=\"justify\"><font size=\"2\">Yungay, en la escuela modular se llev\u00f3 a cabo la ceremonia de Clausura Comunal de Programa \u00abCentros de Atenci\u00f3n para Hijas e Hijos de Madres Temporeras\u00bb, que se desarrollo en la comuna, espec\u00edficamente en los establecimientos de educaci\u00f3n de Campanario, con 30 ni\u00f1os\/as beneficiados y en la escuela modular, con 25 ni\u00f1os\/as beneficiados, de edades desde los 6 a 12  a\u00f1os y que se llevo a cabo entre el 03 de enero hasta el 18 de febrero en horarios de  8:30 a 18:00 horas. Este programa naci\u00f3 del convenio entre diversas instituciones p\u00fablicas y el municipio  a trav\u00e9s de la direcci\u00f3n de desarrollo comunitario (DIDECO) liderado por Lorena Acu\u00f1a. La  finalidad fue contribuir al cuidado, entretenci\u00f3n, protecci\u00f3n y recreaci\u00f3n de los ni\u00f1as\/os para que las mujeres que se dedican a la actividad de la recolecci\u00f3n pudieran  trabajar adecuadamente y los ni\u00f1os permanecieran dentro de un ambiente de cuidado y protecci\u00f3n. La alimentaci\u00f3n fue gratuita y aportada por la JUNAEB, la contrataci\u00f3n del personal fue compartida, profesores de educaci\u00f3n f\u00edsica y monitores IND, auxiliares, manipuladoras y monitoras por el Municipio. Cabe destacar que todos los profesionales contratados son de la  comuna de Yungay. Finalmente cabe mencionar que asisti\u00f3 a la ceremonia de clausura la Directora Regional JUNAEB, Mar\u00eda In\u00e9s Tirapeguy, Nirma Valenzuela, se\u00f1ora del alcalde Pedro Inostroza y Lorena Acu\u00f1a, Jefa Departamento de DIDECO.<\/a><br \/>\n<a href=\"http:\/\/www.yungayino.cl\/noticias\/?p=5112#comments\">Comente Aqu\u00ed<\/a><br \/>\n<a href=\"http:\/\/www.facebook.com\/album.php?aid=61817&#038;id=159561284058919&#038;saved\">Fotograf\u00edas<\/a><br \/>\n<\/br><br \/>\n<object width=\"425\" height=\"344\"><param name=\"movie\" value=\"http:\/\/www.youtube.com\/v\/Ex7YDdyHUjY?hl=es&#038;fs=1\"><\/param><param name=\"allowFullScreen\" value=\"true\"><\/param><param name=\"allowscriptaccess\" value=\"always\"><\/param><embed src=\"http:\/\/www.youtube.com\/v\/Ex7YDdyHUjY?hl=es&#038;fs=1\" type=\"application\/x-shockwave-flash\" allowscriptaccess=\"always\" allowfullscreen=\"true\" width=\"425\" height=\"344\"><\/embed><\/object><\/a><\/font><\/p>\n","protected":false},"excerpt":{"rendered":"<p>Yungay, en la escuela modular se llev\u00f3 a cabo la ceremonia de Clausura Comunal de Programa \u00abCentros de Atenci\u00f3n para Hijas e Hijos de Madres Temporeras\u00bb, que se desarrollo en la comuna, espec\u00edficamente en&#46;&#46;&#46;<\/p>\n","protected":false},"author":2,"featured_media":15519,"comment_status":"open","ping_status":"open","sticky":false,"template":"","format":"standard","meta":{"footnotes":""},"categories":[1],"tags":[327,1115,8,6],"class_list":["post-5112","post","type-post","status-publish","format-standard","has-post-thumbnail","hentry","category-noticias","tag-madres-temporeras","tag-noticias","tag-yungay","tag-yungayino"],"_links":{"self":[{"href":"https:\/\/www.yungayino.cl\/noticias\/index.php?rest_route=\/wp\/v2\/posts\/5112","targetHints":{"allow":["GET"]}}],"collection":[{"href":"https:\/\/www.yungayino.cl\/noticias\/index.php?rest_route=\/wp\/v2\/posts"}],"about":[{"href":"https:\/\/www.yungayino.cl\/noticias\/index.php?rest_route=\/wp\/v2\/types\/post"}],"author":[{"embeddable":true,"href":"https:\/\/www.yungayino.cl\/noticias\/index.php?rest_route=\/wp\/v2\/users\/2"}],"replies":[{"embeddable":true,"href":"https:\/\/www.yungayino.cl\/noticias\/index.php?rest_route=%2Fwp%2Fv2%2Fcomments&post=5112"}],"version-history":[{"count":7,"href":"https:\/\/www.yungayino.cl\/noticias\/index.php?rest_route=\/wp\/v2\/posts\/5112\/revisions"}],"predecessor-version":[{"id":5121,"href":"https:\/\/www.yungayino.cl\/noticias\/index.php?rest_route=\/wp\/v2\/posts\/5112\/revisions\/5121"}],"wp:featuredmedia":[{"embeddable":true,"href":"https:\/\/www.yungayino.cl\/noticias\/index.php?rest_route=\/wp\/v2\/media\/15519"}],"wp:attachment":[{"href":"https:\/\/www.yungayino.cl\/noticias\/index.php?rest_route=%2Fwp%2Fv2%2Fmedia&parent=5112"}],"wp:term":[{"taxonomy":"category","embeddable":true,"href":"https:\/\/www.yungayino.cl\/noticias\/index.php?rest_route=%2Fwp%2Fv2%2Fcategories&post=5112"},{"taxonomy":"post_tag","embeddable":true,"href":"https:\/\/www.yungayino.cl\/noticias\/index.php?rest_route=%2Fwp%2Fv2%2Ftags&post=5112"}],"curies":[{"name":"wp","href":"https:\/\/api.w.org\/{rel}","templated":true}]}}