{"id":5123,"date":"2011-02-17T16:00:59","date_gmt":"2011-02-17T20:00:59","guid":{"rendered":"http:\/\/www.yungayino.cl\/noticias\/?p=5123"},"modified":"2011-02-17T17:06:50","modified_gmt":"2011-02-17T21:06:50","slug":"poblacion-%e2%80%9cla-concepcion%e2%80%9d-de-yungay-celebrara-su-aniversario","status":"publish","type":"post","link":"https:\/\/www.yungayino.cl\/noticias\/?p=5123","title":{"rendered":"Poblaci\u00f3n \u201cLa Concepci\u00f3n\u201d de Yungay Celebrar\u00e1 su Aniversario"},"content":{"rendered":"<p><span style=\"font-family: arial,helvetica,sans-serif;\"><span style=\"font-size: small;\">Yungay, Poblaci\u00f3n \u201cLa Concepci\u00f3n\u201d de Yungay, realizara diferente actividades\u00a0 en su Semana de Aniversario las cu\u00e1les se desarrollaran entre los d\u00edas 21 al 26 de febrero. Esta importante Poblaci\u00f3n se gesta en el a\u00f1o 1985 con un total de 52 familias y su primera Junta de Vecinos fue creada el 06 de Junio de 1990. Es por eso que la actual directiva a organizado un variado programa empe\u00f1ados en engrandecer a sus vecinos y al desarrollo de la comuna. Dentro de las actividades se destacan est\u00e1 la presentaci\u00f3n de la Reina, cicletada, calducho, baby f\u00fatbol, marat\u00f3n damas y varones, entre otras.<\/span><\/span><\/p>\n<p><a href=\"http:\/\/www.yungayino.cl\/imagenes\/laconcepcion.gif\"><span style=\"font-family: arial,helvetica,sans-serif;\"><span style=\"font-size: small;\">Programa Actividades<\/span><\/span><\/a><\/p>\n","protected":false},"excerpt":{"rendered":"<p>Yungay, Poblaci\u00f3n \u201cLa Concepci\u00f3n\u201d de Yungay, realizara diferente actividades\u00a0 en su Semana de Aniversario las cu\u00e1les se desarrollaran entre los d\u00edas 21 al 26 de febrero. Esta importante Poblaci\u00f3n se gesta en el a\u00f1o&#46;&#46;&#46;<\/p>\n","protected":false},"author":2,"featured_media":0,"comment_status":"open","ping_status":"open","sticky":false,"template":"","format":"standard","meta":{"footnotes":""},"categories":[1],"tags":[328,1115,135,8,6],"class_list":["post-5123","post","type-post","status-publish","format-standard","hentry","category-noticias","tag-la-concepcion","tag-noticias","tag-poblacion-la-concepcion","tag-yungay","tag-yungayino"],"_links":{"self":[{"href":"https:\/\/www.yungayino.cl\/noticias\/index.php?rest_route=\/wp\/v2\/posts\/5123","targetHints":{"allow":["GET"]}}],"collection":[{"href":"https:\/\/www.yungayino.cl\/noticias\/index.php?rest_route=\/wp\/v2\/posts"}],"about":[{"href":"https:\/\/www.yungayino.cl\/noticias\/index.php?rest_route=\/wp\/v2\/types\/post"}],"author":[{"embeddable":true,"href":"https:\/\/www.yungayino.cl\/noticias\/index.php?rest_route=\/wp\/v2\/users\/2"}],"replies":[{"embeddable":true,"href":"https:\/\/www.yungayino.cl\/noticias\/index.php?rest_route=%2Fwp%2Fv2%2Fcomments&post=5123"}],"version-history":[{"count":3,"href":"https:\/\/www.yungayino.cl\/noticias\/index.php?rest_route=\/wp\/v2\/posts\/5123\/revisions"}],"predecessor-version":[{"id":5126,"href":"https:\/\/www.yungayino.cl\/noticias\/index.php?rest_route=\/wp\/v2\/posts\/5123\/revisions\/5126"}],"wp:attachment":[{"href":"https:\/\/www.yungayino.cl\/noticias\/index.php?rest_route=%2Fwp%2Fv2%2Fmedia&parent=5123"}],"wp:term":[{"taxonomy":"category","embeddable":true,"href":"https:\/\/www.yungayino.cl\/noticias\/index.php?rest_route=%2Fwp%2Fv2%2Fcategories&post=5123"},{"taxonomy":"post_tag","embeddable":true,"href":"https:\/\/www.yungayino.cl\/noticias\/index.php?rest_route=%2Fwp%2Fv2%2Ftags&post=5123"}],"curies":[{"name":"wp","href":"https:\/\/api.w.org\/{rel}","templated":true}]}}