{"id":5139,"date":"2011-02-20T22:00:31","date_gmt":"2011-02-21T02:00:31","guid":{"rendered":"http:\/\/www.yungayino.cl\/noticias\/?p=5139"},"modified":"2011-02-20T22:19:50","modified_gmt":"2011-02-21T02:19:50","slug":"yungayinos-disfrutaron-con-obra-musical-de-teatro-%e2%80%9cmemorias-de-la-concepcion%e2%80%9d","status":"publish","type":"post","link":"https:\/\/www.yungayino.cl\/noticias\/?p=5139","title":{"rendered":"Yungayinos Disfrutaron con Obra Musical de Teatro \u201cMemorias de la Concepci\u00f3n\u201d"},"content":{"rendered":"<p><span style=\"font-size: small;\"><img loading=\"lazy\" decoding=\"async\" src=\"http:\/\/www.yungayino.cl\/imagenes\/teatro20110220.jpg\" alt=\"YUNGAYINO.CL - Yungayinos Disfrutaron con Obra Musical de Teatro \u201cMemorias de la Concepci\u00f3n\u201d\" width=\"500\" height=\"200\" \/><\/span><\/p>\n<p><span style=\"font-size: small;\"><span style=\"font-family: arial,helvetica,sans-serif;\">Yungay, en el Ode\u00f3n de la Plaza Iquique se presento la Compa\u00f1\u00eda de teatro <strong>La Otra<\/strong><strong> Zapatilla<\/strong>, con la obra musical \u201cMemorias de la  Concepci\u00f3n\u201d y donde los yungayinos disfrutaron con la historia de la cultura penquista, abarcando las regiones del B\u00edo B\u00edo y de la Araucan\u00eda. La trama se desencadena a ra\u00edz de un accidente en el r\u00edo B\u00edo B\u00edo. Ah\u00ed, como en una met\u00e1fora teatral, los accidentados remueven los escombros del r\u00edo y se visten de las memorias de los esp\u00edritus que yacen en \u00e9ste. Estos personajes de diferentes \u00e9pocas se juntan esta vez para relatarnos una maravillosa historia que nos habla de amor, de terremotos, abusos y descontentos, de enredos e ind\u00edgenas, pescadores, espa\u00f1oles y mineros que forman parte de la memoria colectiva, que la obra invita a recordar. La compa\u00f1\u00eda de teatro <strong><a href=\"http:\/\/laotrazapatilla.blogspot.com\/\">La Otra Zapatilla<\/a><\/strong> es dirigida por Andr\u00e9s C\u00e9spedes y sus integrantes son egresados de la carrera de Teatro de la Universidad del Desarrollo, sede Concepci\u00f3n. Cabe destacar que esta presentaci\u00f3n se realiz\u00f3 gracias al apoyo del Gobierno Regional a trav\u00e9s de la aprobaci\u00f3n del proyecto cultural \u201cYungay Canta y Encanta\u201d y la ejecuci\u00f3n de la Ilustre Municipalidad de Yungay con su \u00e1rea de gesti\u00f3n y cultura a cargo del funcionario Oscar Sep\u00falveda.<\/span><\/span><\/p>\n<p><a href=\"http:\/\/www.yungayino.cl\/noticias\/?p=5139#comments\"><span style=\"font-size: small;\"><span style=\"font-family: arial,helvetica,sans-serif;\">Comente Aqu\u00ed<\/span><\/span><\/a><\/p>\n<p><a href=\"http:\/\/www.facebook.com\/album.php?aid=62338&amp;id=159561284058919&amp;saved\"><span style=\"font-size: small;\"><span style=\"font-family: arial,helvetica,sans-serif;\">Fotograf\u00edas<\/span><\/span><\/a><\/p>\n","protected":false},"excerpt":{"rendered":"<p>Yungay, en el Ode\u00f3n de la Plaza Iquique se presento la Compa\u00f1\u00eda de teatro La Otra Zapatilla, con la obra musical \u201cMemorias de la Concepci\u00f3n\u201d y donde los yungayinos disfrutaron con la historia de&#46;&#46;&#46;<\/p>\n","protected":false},"author":2,"featured_media":15522,"comment_status":"open","ping_status":"open","sticky":false,"template":"","format":"standard","meta":{"footnotes":""},"categories":[1],"tags":[1115,331,8,6],"class_list":["post-5139","post","type-post","status-publish","format-standard","has-post-thumbnail","hentry","category-noticias","tag-noticias","tag-teatro","tag-yungay","tag-yungayino"],"_links":{"self":[{"href":"https:\/\/www.yungayino.cl\/noticias\/index.php?rest_route=\/wp\/v2\/posts\/5139","targetHints":{"allow":["GET"]}}],"collection":[{"href":"https:\/\/www.yungayino.cl\/noticias\/index.php?rest_route=\/wp\/v2\/posts"}],"about":[{"href":"https:\/\/www.yungayino.cl\/noticias\/index.php?rest_route=\/wp\/v2\/types\/post"}],"author":[{"embeddable":true,"href":"https:\/\/www.yungayino.cl\/noticias\/index.php?rest_route=\/wp\/v2\/users\/2"}],"replies":[{"embeddable":true,"href":"https:\/\/www.yungayino.cl\/noticias\/index.php?rest_route=%2Fwp%2Fv2%2Fcomments&post=5139"}],"version-history":[{"count":5,"href":"https:\/\/www.yungayino.cl\/noticias\/index.php?rest_route=\/wp\/v2\/posts\/5139\/revisions"}],"predecessor-version":[{"id":5144,"href":"https:\/\/www.yungayino.cl\/noticias\/index.php?rest_route=\/wp\/v2\/posts\/5139\/revisions\/5144"}],"wp:featuredmedia":[{"embeddable":true,"href":"https:\/\/www.yungayino.cl\/noticias\/index.php?rest_route=\/wp\/v2\/media\/15522"}],"wp:attachment":[{"href":"https:\/\/www.yungayino.cl\/noticias\/index.php?rest_route=%2Fwp%2Fv2%2Fmedia&parent=5139"}],"wp:term":[{"taxonomy":"category","embeddable":true,"href":"https:\/\/www.yungayino.cl\/noticias\/index.php?rest_route=%2Fwp%2Fv2%2Fcategories&post=5139"},{"taxonomy":"post_tag","embeddable":true,"href":"https:\/\/www.yungayino.cl\/noticias\/index.php?rest_route=%2Fwp%2Fv2%2Ftags&post=5139"}],"curies":[{"name":"wp","href":"https:\/\/api.w.org\/{rel}","templated":true}]}}