{"id":5183,"date":"2011-03-02T07:00:56","date_gmt":"2011-03-02T11:00:56","guid":{"rendered":"http:\/\/www.yungayino.cl\/noticias\/?p=5183"},"modified":"2011-03-02T07:55:44","modified_gmt":"2011-03-02T11:55:44","slug":"hermanos-dan-muerte-a-vecino-en-pemuco","status":"publish","type":"post","link":"https:\/\/www.yungayino.cl\/noticias\/?p=5183","title":{"rendered":"Hermanos Dan Muerte a Vecino en Pemuco"},"content":{"rendered":"<p><img loading=\"lazy\" decoding=\"async\" src=\"http:\/\/www.yungayino.cl\/imagenes\/pemuco20110301.jpg\" alt=\"YUNGAYINO.CL - El Portal de Yungay\" width=\"500\" height=\"200\" \/><\/p>\n<p><span style=\"font-family: arial,helvetica,sans-serif;\"><span style=\"font-size: small;\">Yungay, Personal de Carabineros de la Cuarta Comisar\u00eda de Yungay procedi\u00f3 a la detenci\u00f3n de dos hermanos de iniciales E.A.V.G de 21 a\u00f1os y de G.E.V.G de 19 a\u00f1os el pasado domingo 27 de febrero a las 22:30 horas, ambos domiciliados en la vecina comuna de Pemuco, por dar muerte a un vecino identificado con las iniciales J.E.B.S de 45 a\u00f1os en el interior del Estadio Municipal de dicha comuna. De acuerdo a la informaci\u00f3n entregada al Portal Yungayino por Carabineros, todo se habr\u00eda originado a ra\u00edz de una agresi\u00f3n hacia un perro de raza pitbull por parte del fallecido lo que provoco la ira de los hermanos que premunidos de palos y un fierro agredieron a J.E.B.S. provoc\u00e1ndole la muerte. A ra\u00edz de este hecho, los imputados fueron detenidos momentos mas tarde por personal de Carabineros y procedieron a realizar un rastreo por el sector aleda\u00f1o al sitio del suceso, encontrando el arma homicida oculto entre las zarza mora el cual consist\u00eda en un fierro tipo \u00e1ngulo con punta en uno de sus extremos de una dimensi\u00f3n de 68,5 cent\u00edmetros de largo y los detenidos fueron puestos a disposici\u00f3n del Juzgado de Garant\u00eda de Yungay el d\u00eda lunes 28 de febrero 2011, quedando en prisi\u00f3n preventiva.<\/span><\/span><\/p>\n","protected":false},"excerpt":{"rendered":"<p>Yungay, Personal de Carabineros de la Cuarta Comisar\u00eda de Yungay procedi\u00f3 a la detenci\u00f3n de dos hermanos de iniciales E.A.V.G de 21 a\u00f1os y de G.E.V.G de 19 a\u00f1os el pasado domingo 27 de&#46;&#46;&#46;<\/p>\n","protected":false},"author":2,"featured_media":15530,"comment_status":"open","ping_status":"open","sticky":false,"template":"","format":"standard","meta":{"footnotes":""},"categories":[1],"tags":[25,1115,30,8,6],"class_list":["post-5183","post","type-post","status-publish","format-standard","has-post-thumbnail","hentry","category-noticias","tag-carabineros","tag-noticias","tag-pemuco","tag-yungay","tag-yungayino"],"_links":{"self":[{"href":"https:\/\/www.yungayino.cl\/noticias\/index.php?rest_route=\/wp\/v2\/posts\/5183","targetHints":{"allow":["GET"]}}],"collection":[{"href":"https:\/\/www.yungayino.cl\/noticias\/index.php?rest_route=\/wp\/v2\/posts"}],"about":[{"href":"https:\/\/www.yungayino.cl\/noticias\/index.php?rest_route=\/wp\/v2\/types\/post"}],"author":[{"embeddable":true,"href":"https:\/\/www.yungayino.cl\/noticias\/index.php?rest_route=\/wp\/v2\/users\/2"}],"replies":[{"embeddable":true,"href":"https:\/\/www.yungayino.cl\/noticias\/index.php?rest_route=%2Fwp%2Fv2%2Fcomments&post=5183"}],"version-history":[{"count":2,"href":"https:\/\/www.yungayino.cl\/noticias\/index.php?rest_route=\/wp\/v2\/posts\/5183\/revisions"}],"predecessor-version":[{"id":5185,"href":"https:\/\/www.yungayino.cl\/noticias\/index.php?rest_route=\/wp\/v2\/posts\/5183\/revisions\/5185"}],"wp:featuredmedia":[{"embeddable":true,"href":"https:\/\/www.yungayino.cl\/noticias\/index.php?rest_route=\/wp\/v2\/media\/15530"}],"wp:attachment":[{"href":"https:\/\/www.yungayino.cl\/noticias\/index.php?rest_route=%2Fwp%2Fv2%2Fmedia&parent=5183"}],"wp:term":[{"taxonomy":"category","embeddable":true,"href":"https:\/\/www.yungayino.cl\/noticias\/index.php?rest_route=%2Fwp%2Fv2%2Fcategories&post=5183"},{"taxonomy":"post_tag","embeddable":true,"href":"https:\/\/www.yungayino.cl\/noticias\/index.php?rest_route=%2Fwp%2Fv2%2Ftags&post=5183"}],"curies":[{"name":"wp","href":"https:\/\/api.w.org\/{rel}","templated":true}]}}