{"id":5193,"date":"2011-03-02T08:00:25","date_gmt":"2011-03-02T12:00:25","guid":{"rendered":"http:\/\/www.yungayino.cl\/noticias\/?p=5193"},"modified":"2011-03-02T08:32:18","modified_gmt":"2011-03-02T12:32:18","slug":"destacada-presentacion-de-agrupacion-folclorica-%e2%80%9ccantares-de-yungay%e2%80%9d-en-campanario","status":"publish","type":"post","link":"https:\/\/www.yungayino.cl\/noticias\/?p=5193","title":{"rendered":"Destacada Presentaci\u00f3n de Agrupaci\u00f3n Folcl\u00f3rica \u201cCantares de Yungay\u201d en Campanario"},"content":{"rendered":"<p><img loading=\"lazy\" decoding=\"async\" src=\"http:\/\/www.yungayino.cl\/imagenes\/cantarescampanario2011.jpg\" alt=\"YUNGAYINO.CL - El Portal de Yungay\" width=\"500\" height=\"200\" \/><\/p>\n<p><span style=\"font-family: arial,helvetica,sans-serif;\"><span style=\"font-size: small;\">Una destacada presentaci\u00f3n tuvo el viernes 25 de Febrero la agrupaci\u00f3n\u00a0 \u201cCantares de Yungay\u201d en el Gimnasio de la Escuela E &#8211; 373 de Campanario. Esta Agrupaci\u00f3n Folcl\u00f3rica liderada por su Director Ernesto B\u00f3rquez fue ovacionado por el p\u00fablico presente por la presentaci\u00f3n de la m\u00fasica y bailes de la zona central e isla Chilo\u00e9. Cabe destacar que esta difusi\u00f3n folcl\u00f3rica la est\u00e1n realizando gracias a la ayuda de fondos ganados el presente a\u00f1o por Subvenci\u00f3n Cultural 2010 del F.N.D.R. Gobierno Regional del Bio-Bio, lo que le ha permitido no solo realizar presentaciones en nuestra comuna si no que tambi\u00e9n lo han hecho en Pemuco, Tucapel, Concepci\u00f3n y Chill\u00e1n Viejo. Finalmente la agrupaci\u00f3n agradeci\u00f3 a la  Directora y a la  Escuela de Campanario, por la acogida dada para la realizaci\u00f3n de esta gala folcl\u00f3rica.<\/span><\/span><\/p>\n<p><a href=\"http:\/\/www.yungayino.cl\/noticias\/?p=5193#comments\"><span style=\"font-family: arial,helvetica,sans-serif;\"><span style=\"font-size: small;\">Comente Aqu\u00ed<\/span><\/span><\/a><\/p>\n<p><a href=\"http:\/\/www.facebook.com\/album.php?aid=63548&amp;id=159561284058919&amp;saved\"><span style=\"font-family: arial,helvetica,sans-serif;\"><span style=\"font-size: small;\">Fotograf\u00edas<\/span><\/span><\/a><strong><br \/>\n<\/strong><\/p>\n","protected":false},"excerpt":{"rendered":"<p>Una destacada presentaci\u00f3n tuvo el viernes 25 de Febrero la agrupaci\u00f3n\u00a0 \u201cCantares de Yungay\u201d en el Gimnasio de la Escuela E &#8211; 373 de Campanario. Esta Agrupaci\u00f3n Folcl\u00f3rica liderada por su Director Ernesto B\u00f3rquez&#46;&#46;&#46;<\/p>\n","protected":false},"author":2,"featured_media":15533,"comment_status":"open","ping_status":"open","sticky":false,"template":"","format":"standard","meta":{"footnotes":""},"categories":[1],"tags":[31,335,8,6],"class_list":["post-5193","post","type-post","status-publish","format-standard","has-post-thumbnail","hentry","category-noticias","tag-campanario","tag-cantares","tag-yungay","tag-yungayino"],"_links":{"self":[{"href":"https:\/\/www.yungayino.cl\/noticias\/index.php?rest_route=\/wp\/v2\/posts\/5193","targetHints":{"allow":["GET"]}}],"collection":[{"href":"https:\/\/www.yungayino.cl\/noticias\/index.php?rest_route=\/wp\/v2\/posts"}],"about":[{"href":"https:\/\/www.yungayino.cl\/noticias\/index.php?rest_route=\/wp\/v2\/types\/post"}],"author":[{"embeddable":true,"href":"https:\/\/www.yungayino.cl\/noticias\/index.php?rest_route=\/wp\/v2\/users\/2"}],"replies":[{"embeddable":true,"href":"https:\/\/www.yungayino.cl\/noticias\/index.php?rest_route=%2Fwp%2Fv2%2Fcomments&post=5193"}],"version-history":[{"count":6,"href":"https:\/\/www.yungayino.cl\/noticias\/index.php?rest_route=\/wp\/v2\/posts\/5193\/revisions"}],"predecessor-version":[{"id":5198,"href":"https:\/\/www.yungayino.cl\/noticias\/index.php?rest_route=\/wp\/v2\/posts\/5193\/revisions\/5198"}],"wp:featuredmedia":[{"embeddable":true,"href":"https:\/\/www.yungayino.cl\/noticias\/index.php?rest_route=\/wp\/v2\/media\/15533"}],"wp:attachment":[{"href":"https:\/\/www.yungayino.cl\/noticias\/index.php?rest_route=%2Fwp%2Fv2%2Fmedia&parent=5193"}],"wp:term":[{"taxonomy":"category","embeddable":true,"href":"https:\/\/www.yungayino.cl\/noticias\/index.php?rest_route=%2Fwp%2Fv2%2Fcategories&post=5193"},{"taxonomy":"post_tag","embeddable":true,"href":"https:\/\/www.yungayino.cl\/noticias\/index.php?rest_route=%2Fwp%2Fv2%2Ftags&post=5193"}],"curies":[{"name":"wp","href":"https:\/\/api.w.org\/{rel}","templated":true}]}}