{"id":5228,"date":"2011-03-23T13:00:02","date_gmt":"2011-03-23T17:00:02","guid":{"rendered":"http:\/\/www.yungayino.cl\/noticias\/?p=5228"},"modified":"2011-03-23T13:35:26","modified_gmt":"2011-03-23T17:35:26","slug":"lunes-28-de-marzo-2011-comenzara-proceso-de-vacunacion-contra-la-influenza","status":"publish","type":"post","link":"https:\/\/www.yungayino.cl\/noticias\/?p=5228","title":{"rendered":"Lunes 28 de marzo 2011 Comenzar\u00e1 Proceso de Vacunaci\u00f3n Contra la Influenza"},"content":{"rendered":"<p><img loading=\"lazy\" decoding=\"async\" src=\"http:\/\/www.yungayino.cl\/imagenes\/influenza2011.jpg\" alt=\"YUNGAYINO.CL - Vacunaci\u00f3n Influenza 2011\" width=\"500\" height=\"200\" \/><\/p>\n<p><span style=\"font-family: arial,helvetica,sans-serif;\"><span style=\"font-size: small;\">Yungay, el Hospital de nuestra comuna, bajo la voz de la Directora  Se\u00f1orita Susana Y\u00e1\u00f1ez, se llev\u00f3 a cabo una charla explicativa sobre el proceso de vacunaci\u00f3n sobre la influenza para el presente a\u00f1o. Dejando en claro que no es una prevenci\u00f3n contra una gripe com\u00fan, sino m\u00e1s bien contra un virus altamente contagioso y mortal, haciendo un llamado para que concurran a tiempo y no dejen el tr\u00e1mite para \u00faltima hora, la vacuna es absolutamente segura. El proceso de vacunaci\u00f3n se llevar\u00e1 a cabo desde el lunes 28 de marzo hasta el martes 31 de Mayo 2011, en horarios de lunes a jueves de 09:00 a 13:00 y de 14:00 a 16:00 horas y los viernes de 09:00 a 13:00 y de 14:00 a 15:00 horas. Llevar carnet de identidad y cuaderno de control m\u00e9dico, cuando corresponda. <\/span><\/span><\/p>\n<p><strong><span style=\"font-family: arial,helvetica,sans-serif;\"><span style=\"font-size: small;\">Las personas que se vacunar\u00e1n gratis son:<\/span><\/span><\/strong><\/p>\n<ul>\n<li><span style=\"font-family: arial,helvetica,sans-serif;\"><span style=\"font-size: small;\">Todas las embarazadas desde 13 semanas de gestaci\u00f3n.<\/span><\/span><\/li>\n<\/ul>\n<ul>\n<li><span style=\"font-family: arial,helvetica,sans-serif;\"><span style=\"font-size: small;\">Los ni\u00f1os y ni\u00f1as de 6 a 23 meses de edad.<\/span><\/span><\/li>\n<\/ul>\n<ul>\n<li><span style=\"font-family: arial,helvetica,sans-serif;\"><span style=\"font-size: small;\">En nuestra regi\u00f3n, al igual que en la regi\u00f3n del Maule, se vacunar\u00e1 a todos los ni\u00f1os y ni\u00f1as de 2 a 14 a\u00f1os de edad.<\/span><\/span><\/li>\n<\/ul>\n<ul>\n<li><span style=\"font-family: arial,helvetica,sans-serif;\"><span style=\"font-size: small;\">Las personas de 60 a\u00f1os y m\u00e1s.<\/span><\/span><\/li>\n<\/ul>\n<ul>\n<li><span style=\"font-family: arial,helvetica,sans-serif;\"><span style=\"font-size: small;\">Las personas con alguna condici\u00f3n de riesgo para su salud, como por ejemplo obesidad m\u00f3rbida, entre otros.<\/span><\/span><\/li>\n<\/ul>\n<ul>\n<li><span style=\"font-family: arial,helvetica,sans-serif;\"><span style=\"font-size: small;\">Los ni\u00f1os y ni\u00f1as que asistan a Colegios ser\u00e1n vacunados en sus respectivos establecimientos educacionales a fines de abril.<\/span><\/span><\/li>\n<\/ul>\n<p><span style=\"font-family: arial,helvetica,sans-serif;\"><span style=\"font-size: small;\">Mayores informaciones en la p\u00e1gina web<strong> <a href=\"http:\/\/www.eligevacunarte.cl\/\">www.eligevacunarte.cl<\/a><\/strong> o tel\u00e9fono <strong>Salud responde 600 360 7777.<\/strong><\/span><\/span><\/p>\n<p><a href=\"http:\/\/www.yungayino.cl\/noticias\/?p=5228#comments\"><span style=\"font-family: arial,helvetica,sans-serif;\"><span style=\"font-size: small;\">Comente Aqu\u00ed<\/span><\/span><\/a><\/p>\n<p><span style=\"font-family: arial,helvetica,sans-serif;\"><span style=\"font-size: small;\"><a href=\"http:\/\/www.facebook.com\/album.php?aid=66243&amp;id=159561284058919&amp;saved\">Fotograf\u00edas<\/a><br \/>\n<\/span><\/span><\/p>\n","protected":false},"excerpt":{"rendered":"<p>Yungay, el Hospital de nuestra comuna, bajo la voz de la Directora Se\u00f1orita Susana Y\u00e1\u00f1ez, se llev\u00f3 a cabo una charla explicativa sobre el proceso de vacunaci\u00f3n sobre la influenza para el presente a\u00f1o.&#46;&#46;&#46;<\/p>\n","protected":false},"author":2,"featured_media":15545,"comment_status":"open","ping_status":"open","sticky":false,"template":"","format":"standard","meta":{"footnotes":""},"categories":[1],"tags":[340,341,1115,8,6],"class_list":["post-5228","post","type-post","status-publish","format-standard","has-post-thumbnail","hentry","category-noticias","tag-hospital-yungay","tag-influenza","tag-noticias","tag-yungay","tag-yungayino"],"_links":{"self":[{"href":"https:\/\/www.yungayino.cl\/noticias\/index.php?rest_route=\/wp\/v2\/posts\/5228","targetHints":{"allow":["GET"]}}],"collection":[{"href":"https:\/\/www.yungayino.cl\/noticias\/index.php?rest_route=\/wp\/v2\/posts"}],"about":[{"href":"https:\/\/www.yungayino.cl\/noticias\/index.php?rest_route=\/wp\/v2\/types\/post"}],"author":[{"embeddable":true,"href":"https:\/\/www.yungayino.cl\/noticias\/index.php?rest_route=\/wp\/v2\/users\/2"}],"replies":[{"embeddable":true,"href":"https:\/\/www.yungayino.cl\/noticias\/index.php?rest_route=%2Fwp%2Fv2%2Fcomments&post=5228"}],"version-history":[{"count":4,"href":"https:\/\/www.yungayino.cl\/noticias\/index.php?rest_route=\/wp\/v2\/posts\/5228\/revisions"}],"predecessor-version":[{"id":5232,"href":"https:\/\/www.yungayino.cl\/noticias\/index.php?rest_route=\/wp\/v2\/posts\/5228\/revisions\/5232"}],"wp:featuredmedia":[{"embeddable":true,"href":"https:\/\/www.yungayino.cl\/noticias\/index.php?rest_route=\/wp\/v2\/media\/15545"}],"wp:attachment":[{"href":"https:\/\/www.yungayino.cl\/noticias\/index.php?rest_route=%2Fwp%2Fv2%2Fmedia&parent=5228"}],"wp:term":[{"taxonomy":"category","embeddable":true,"href":"https:\/\/www.yungayino.cl\/noticias\/index.php?rest_route=%2Fwp%2Fv2%2Fcategories&post=5228"},{"taxonomy":"post_tag","embeddable":true,"href":"https:\/\/www.yungayino.cl\/noticias\/index.php?rest_route=%2Fwp%2Fv2%2Ftags&post=5228"}],"curies":[{"name":"wp","href":"https:\/\/api.w.org\/{rel}","templated":true}]}}