{"id":5233,"date":"2011-03-24T10:19:21","date_gmt":"2011-03-24T14:19:21","guid":{"rendered":"http:\/\/www.yungayino.cl\/noticias\/?p=5233"},"modified":"2011-03-24T10:19:21","modified_gmt":"2011-03-24T14:19:21","slug":"dia-mundial-de-la-tuberculosis","status":"publish","type":"post","link":"https:\/\/www.yungayino.cl\/noticias\/?p=5233","title":{"rendered":"D\u00eda Mundial de la Tuberculosis"},"content":{"rendered":"<p><img loading=\"lazy\" decoding=\"async\" src=\"http:\/\/www.yungayino.cl\/imagenes\/tuberculosis2011.jpg\" alt=\"YUNGAYINO.CL - D\u00eda Mundial Tuberculosis 2011\" width=\"500\" height=\"200\" \/><\/p>\n<p><span style=\"font-family: arial,helvetica,sans-serif;\"><span style=\"font-size: small;\">Hoy jueves 24 de marzo es el d\u00eda internacional de la  Tuberculosis, donde marca el d\u00eda en que el Doctor Robert Koch detect\u00f3 en 1882 la causa de la tuberculosis; el bacilo tuberculoso. La Organizaci\u00f3n Mundial de la Salud trabaja para reducir, del 2009 al 2015, la tasa de prevalencia y muertes por la mitad. Esta actividad sirve para generar un mayor nivel de conciencia respecto de la epidemia mundial de tuberculosis y de los esfuerzos para acabar con la enfermedad. Actualmente, un tercio de la poblaci\u00f3n mundial est\u00e1 infectada de tuberculosis. El hospital Pedro Morales Campos est\u00e1 realizando varias actividades para prevenir esta patolog\u00eda, dentro de ello se dispone de un panel informativo que se expondr\u00e1 a la entrada del Consultorio, entrega de tr\u00edpticos con informaci\u00f3n b\u00e1sica y formas de prevenci\u00f3n de la patolog\u00eda y educaciones en las salas de espera a nuestros usuarios. Informaci\u00f3n proporcionada por la Matrona Viviana Correa, Coordinadora Sector Sur del Hospital Comunitario Salud Familiar Pedro Morales Campos de Yungay.<\/span><\/span><\/p>\n<p><a href=\"http:\/\/www.yungayino.cl\/imagenes\/folletotuberculosis2011.jpg\"><span style=\"font-family: arial,helvetica,sans-serif;\"><span style=\"font-size: small;\"> <\/span><\/span><\/a><\/p>\n","protected":false},"excerpt":{"rendered":"<p>Hoy jueves 24 de marzo es el d\u00eda internacional de la Tuberculosis, donde marca el d\u00eda en que el Doctor Robert Koch detect\u00f3 en 1882 la causa de la tuberculosis; el bacilo tuberculoso. La&#46;&#46;&#46;<\/p>\n","protected":false},"author":2,"featured_media":15546,"comment_status":"open","ping_status":"open","sticky":false,"template":"","format":"standard","meta":{"footnotes":""},"categories":[1],"tags":[1115,342,8,6],"class_list":["post-5233","post","type-post","status-publish","format-standard","has-post-thumbnail","hentry","category-noticias","tag-noticias","tag-tuberculosis","tag-yungay","tag-yungayino"],"_links":{"self":[{"href":"https:\/\/www.yungayino.cl\/noticias\/index.php?rest_route=\/wp\/v2\/posts\/5233","targetHints":{"allow":["GET"]}}],"collection":[{"href":"https:\/\/www.yungayino.cl\/noticias\/index.php?rest_route=\/wp\/v2\/posts"}],"about":[{"href":"https:\/\/www.yungayino.cl\/noticias\/index.php?rest_route=\/wp\/v2\/types\/post"}],"author":[{"embeddable":true,"href":"https:\/\/www.yungayino.cl\/noticias\/index.php?rest_route=\/wp\/v2\/users\/2"}],"replies":[{"embeddable":true,"href":"https:\/\/www.yungayino.cl\/noticias\/index.php?rest_route=%2Fwp%2Fv2%2Fcomments&post=5233"}],"version-history":[{"count":6,"href":"https:\/\/www.yungayino.cl\/noticias\/index.php?rest_route=\/wp\/v2\/posts\/5233\/revisions"}],"predecessor-version":[{"id":5239,"href":"https:\/\/www.yungayino.cl\/noticias\/index.php?rest_route=\/wp\/v2\/posts\/5233\/revisions\/5239"}],"wp:featuredmedia":[{"embeddable":true,"href":"https:\/\/www.yungayino.cl\/noticias\/index.php?rest_route=\/wp\/v2\/media\/15546"}],"wp:attachment":[{"href":"https:\/\/www.yungayino.cl\/noticias\/index.php?rest_route=%2Fwp%2Fv2%2Fmedia&parent=5233"}],"wp:term":[{"taxonomy":"category","embeddable":true,"href":"https:\/\/www.yungayino.cl\/noticias\/index.php?rest_route=%2Fwp%2Fv2%2Fcategories&post=5233"},{"taxonomy":"post_tag","embeddable":true,"href":"https:\/\/www.yungayino.cl\/noticias\/index.php?rest_route=%2Fwp%2Fv2%2Ftags&post=5233"}],"curies":[{"name":"wp","href":"https:\/\/api.w.org\/{rel}","templated":true}]}}