{"id":5248,"date":"2011-03-26T15:00:21","date_gmt":"2011-03-26T19:00:21","guid":{"rendered":"http:\/\/www.yungayino.cl\/noticias\/?p=5248"},"modified":"2011-03-26T19:43:38","modified_gmt":"2011-03-26T23:43:38","slug":"jornada-inaugural-del-primer-campeonato-regional-de-basquetbol-dimenor-varones-%e2%80%9ctalentos-del-sur%e2%80%9d-en-yungay","status":"publish","type":"post","link":"https:\/\/www.yungayino.cl\/noticias\/?p=5248","title":{"rendered":"Jornada Inaugural del Primer Campeonato Regional de Basquetbol Dimenor Varones \u201cTalentos del Sur\u201d en Yungay"},"content":{"rendered":"<p><img loading=\"lazy\" decoding=\"async\" src=\"http:\/\/www.yungayino.cl\/imagenes\/basquetbol20110326.jpg\" alt=\"YUNGAYINO.CL - El Portal de Yungay\" width=\"500\" height=\"200\" \/><\/p>\n<p><span style=\"font-family: arial,helvetica,sans-serif;\"><span style=\"font-size: small;\">Yungay, s\u00e1bado 26 de marzo en el Gimnasio Multiuso de nuestra comuna a las 12:30 horas se dio inicio a la inauguraci\u00f3n del Primer Campeonato Regional de Basquetbol Dimenor \u201cTalentos del Sur\u201d varones en Yungay, el cu\u00e1l cuenta con la participaci\u00f3n de la  Escuela de Basquetbol F\u00e9nix de Cabrero, Club Bah\u00eda de Penco, Club Amalia de Lebu y Escuela de Basquetbol \u00c1guila Real de Yungay. La jornada cont\u00f3 con la presencia de los Concejales Jos\u00e9 Miguel Navarrete y Francisco Gui\u00f1ez y Gema Cabezas, secretaria del club yungayino qui\u00e9n hizo entrega de un galvano de reconocimiento al T\u00e9cnico Leonardo Castillo S\u00e1ez por su destacada y abnegada labor en sus 15 a\u00f1os al servicio de la Escuela de Basquetbol \u00c1guila Real. Cabe destacar que este campeonato concluir\u00e1 ma\u00f1ana domingo.<\/span><\/span><\/p>\n<p><a href=\"http:\/\/www.facebook.com\/album.php?aid=66632&amp;id=159561284058919&amp;saved\"><span style=\"font-family: arial,helvetica,sans-serif;\"><span style=\"font-size: small;\">Fotograf\u00edas<\/span><\/span><\/a><\/p>\n","protected":false},"excerpt":{"rendered":"<p>Yungay, s\u00e1bado 26 de marzo en el Gimnasio Multiuso de nuestra comuna a las 12:30 horas se dio inicio a la inauguraci\u00f3n del Primer Campeonato Regional de Basquetbol Dimenor \u201cTalentos del Sur\u201d varones en&#46;&#46;&#46;<\/p>\n","protected":false},"author":2,"featured_media":15549,"comment_status":"open","ping_status":"open","sticky":false,"template":"","format":"standard","meta":{"footnotes":""},"categories":[1],"tags":[49,1115,8,6],"class_list":["post-5248","post","type-post","status-publish","format-standard","has-post-thumbnail","hentry","category-noticias","tag-basquetbol","tag-noticias","tag-yungay","tag-yungayino"],"_links":{"self":[{"href":"https:\/\/www.yungayino.cl\/noticias\/index.php?rest_route=\/wp\/v2\/posts\/5248","targetHints":{"allow":["GET"]}}],"collection":[{"href":"https:\/\/www.yungayino.cl\/noticias\/index.php?rest_route=\/wp\/v2\/posts"}],"about":[{"href":"https:\/\/www.yungayino.cl\/noticias\/index.php?rest_route=\/wp\/v2\/types\/post"}],"author":[{"embeddable":true,"href":"https:\/\/www.yungayino.cl\/noticias\/index.php?rest_route=\/wp\/v2\/users\/2"}],"replies":[{"embeddable":true,"href":"https:\/\/www.yungayino.cl\/noticias\/index.php?rest_route=%2Fwp%2Fv2%2Fcomments&post=5248"}],"version-history":[{"count":4,"href":"https:\/\/www.yungayino.cl\/noticias\/index.php?rest_route=\/wp\/v2\/posts\/5248\/revisions"}],"predecessor-version":[{"id":5253,"href":"https:\/\/www.yungayino.cl\/noticias\/index.php?rest_route=\/wp\/v2\/posts\/5248\/revisions\/5253"}],"wp:featuredmedia":[{"embeddable":true,"href":"https:\/\/www.yungayino.cl\/noticias\/index.php?rest_route=\/wp\/v2\/media\/15549"}],"wp:attachment":[{"href":"https:\/\/www.yungayino.cl\/noticias\/index.php?rest_route=%2Fwp%2Fv2%2Fmedia&parent=5248"}],"wp:term":[{"taxonomy":"category","embeddable":true,"href":"https:\/\/www.yungayino.cl\/noticias\/index.php?rest_route=%2Fwp%2Fv2%2Fcategories&post=5248"},{"taxonomy":"post_tag","embeddable":true,"href":"https:\/\/www.yungayino.cl\/noticias\/index.php?rest_route=%2Fwp%2Fv2%2Ftags&post=5248"}],"curies":[{"name":"wp","href":"https:\/\/api.w.org\/{rel}","templated":true}]}}