{"id":5259,"date":"2011-03-27T20:00:51","date_gmt":"2011-03-28T00:00:51","guid":{"rendered":"http:\/\/www.yungayino.cl\/noticias\/?p=5259"},"modified":"2011-03-27T20:34:13","modified_gmt":"2011-03-28T00:34:13","slug":"grado-vocacional-de-yungay-y-colo-colo-de-huepil-disputaran-final-de-la-copa-cordillera-2011","status":"publish","type":"post","link":"https:\/\/www.yungayino.cl\/noticias\/?p=5259","title":{"rendered":"Grado Vocacional de Yungay y Colo-Colo de Hu\u00e9pil Disputaran Final de la Copa Cordillera 2011"},"content":{"rendered":"<p><img loading=\"lazy\" decoding=\"async\" src=\"http:\/\/www.yungayino.cl\/imagenes\/futbol20110327.jpg\" alt=\"YUNGAYINO.CL - El Portal de Yungay\" width=\"500\" height=\"200\" \/><\/p>\n<p><span style=\"font-family: arial,helvetica,sans-serif;\"><span style=\"font-size: small;\">Yungay domingo 27 de marzo, los Clubes de Grado Vocacional de Yungay y Colo &#8211; Colo de Huepil disputaran la Final de la Copa Cordillera 2011, la cu\u00e1l es organizada por la Asociaci\u00f3n de F\u00fatbol ANFA Yungay y donde participaron equipos de la provincia de \u00d1uble y Bio-Bio. El elenco yungayino accedi\u00f3 a la final tras derrotar hoy domingo de visita en los noventa minutos al elenco de San Bernardo de Huepil, en un disputado encuentro que les favoreci\u00f3 por un marcador de 6 goles a 5, lo que significo ir a penales donde vencieron 3 a 2. Por su parte a la misma hora el Club de Colo- \u00a0Colo de Huepil tambi\u00e9n venci\u00f3 de visita al Club Uni\u00f3n de Campanario por 2 a 0 lo que significo ir a penales donde tambi\u00e9n ganaron por 3 a 2 goles. Finalmente se repetir\u00e1 la final del a\u00f1o 2009 la que se disputara a partir de las 16:00 horas en el Estadio Municipal de Yungay el domingo 3 de abril y por el tercer lugar lo har\u00e1n Uni\u00f3n de Campanario v\/s San Bernardo de Huepil a las 14:00 horas.<\/span><\/span><\/p>\n<p><a href=\"http:\/\/www.facebook.com\/album.php?aid=66776&amp;id=159561284058919&amp;saved\"><span style=\"font-family: arial,helvetica,sans-serif;\"><span style=\"font-size: small;\">Fotograf\u00edas<\/span><\/span><\/a><\/p>\n","protected":false},"excerpt":{"rendered":"<p>Yungay domingo 27 de marzo, los Clubes de Grado Vocacional de Yungay y Colo &#8211; Colo de Huepil disputaran la Final de la Copa Cordillera 2011, la cu\u00e1l es organizada por la Asociaci\u00f3n de&#46;&#46;&#46;<\/p>\n","protected":false},"author":2,"featured_media":15551,"comment_status":"open","ping_status":"open","sticky":false,"template":"","format":"standard","meta":{"footnotes":""},"categories":[1],"tags":[330,1120,344,1115,8,6],"class_list":["post-5259","post","type-post","status-publish","format-standard","has-post-thumbnail","hentry","category-noticias","tag-anfa","tag-deporte","tag-futbol","tag-noticias","tag-yungay","tag-yungayino"],"_links":{"self":[{"href":"https:\/\/www.yungayino.cl\/noticias\/index.php?rest_route=\/wp\/v2\/posts\/5259","targetHints":{"allow":["GET"]}}],"collection":[{"href":"https:\/\/www.yungayino.cl\/noticias\/index.php?rest_route=\/wp\/v2\/posts"}],"about":[{"href":"https:\/\/www.yungayino.cl\/noticias\/index.php?rest_route=\/wp\/v2\/types\/post"}],"author":[{"embeddable":true,"href":"https:\/\/www.yungayino.cl\/noticias\/index.php?rest_route=\/wp\/v2\/users\/2"}],"replies":[{"embeddable":true,"href":"https:\/\/www.yungayino.cl\/noticias\/index.php?rest_route=%2Fwp%2Fv2%2Fcomments&post=5259"}],"version-history":[{"count":2,"href":"https:\/\/www.yungayino.cl\/noticias\/index.php?rest_route=\/wp\/v2\/posts\/5259\/revisions"}],"predecessor-version":[{"id":5261,"href":"https:\/\/www.yungayino.cl\/noticias\/index.php?rest_route=\/wp\/v2\/posts\/5259\/revisions\/5261"}],"wp:featuredmedia":[{"embeddable":true,"href":"https:\/\/www.yungayino.cl\/noticias\/index.php?rest_route=\/wp\/v2\/media\/15551"}],"wp:attachment":[{"href":"https:\/\/www.yungayino.cl\/noticias\/index.php?rest_route=%2Fwp%2Fv2%2Fmedia&parent=5259"}],"wp:term":[{"taxonomy":"category","embeddable":true,"href":"https:\/\/www.yungayino.cl\/noticias\/index.php?rest_route=%2Fwp%2Fv2%2Fcategories&post=5259"},{"taxonomy":"post_tag","embeddable":true,"href":"https:\/\/www.yungayino.cl\/noticias\/index.php?rest_route=%2Fwp%2Fv2%2Ftags&post=5259"}],"curies":[{"name":"wp","href":"https:\/\/api.w.org\/{rel}","templated":true}]}}