{"id":5300,"date":"2011-04-04T21:00:50","date_gmt":"2011-04-05T01:00:50","guid":{"rendered":"http:\/\/www.yungayino.cl\/noticias\/?p=5300"},"modified":"2011-04-04T21:35:02","modified_gmt":"2011-04-05T01:35:02","slug":"portal-yungayino-cl-realiza-nueva-alianza-informativa-con-canal-vtv-de-yungay","status":"publish","type":"post","link":"https:\/\/www.yungayino.cl\/noticias\/?p=5300","title":{"rendered":"Portal Yungayino.cl Realiza Importante Alianza Informativa con Canal VTV de Yungay"},"content":{"rendered":"<p><img decoding=\"async\" src=\"http:\/\/www.yungayino.cl\/imagenes\/vtvyungayino.jpg\" alt=\"YUNGAYINO.CL - El Portal de Yungay\" \/><\/p>\n<p><span style=\"font-family: arial,helvetica,sans-serif;\"><span style=\"font-size: small;\">Yungay, una nueva alianza informativa realiza el Portal Yungayino.cl con el Canal Televisivo de la comuna VTV, cuyo Director y Representante Legal es\u00a0 Mariano Arana Abarca. Esta nueva alianza nos permitir\u00e1 aumentar la cobertura informativa y difusi\u00f3n de noticias y eventos relevantes de la comuna y sus alrededores, tambi\u00e9n ser\u00e1 una ayuda para las instituciones en la difusi\u00f3n de actividades de beneficio social, cultural y deportivo. Finalmente mencionar que en estos dos a\u00f1os hemos logrado unirnos como alianza informativa a dos grandes Medios de Comunicaci\u00f3n de la  Regi\u00f3n como son Canal 9 Regional y Radio Bio-Bio y en el ambiente local con Radio La Voz de Yungay y Constelaci\u00f3n.<\/span><\/span><\/p>\n","protected":false},"excerpt":{"rendered":"<p>Yungay, una nueva alianza informativa realiza el Portal Yungayino.cl con el Canal Televisivo de la comuna VTV, cuyo Director y Representante Legal es\u00a0 Mariano Arana Abarca. Esta nueva alianza nos permitir\u00e1 aumentar la cobertura&#46;&#46;&#46;<\/p>\n","protected":false},"author":2,"featured_media":15557,"comment_status":"open","ping_status":"open","sticky":false,"template":"","format":"standard","meta":{"footnotes":""},"categories":[1],"tags":[1115,122,8,6],"class_list":["post-5300","post","type-post","status-publish","format-standard","has-post-thumbnail","hentry","category-noticias","tag-noticias","tag-vtv","tag-yungay","tag-yungayino"],"_links":{"self":[{"href":"https:\/\/www.yungayino.cl\/noticias\/index.php?rest_route=\/wp\/v2\/posts\/5300","targetHints":{"allow":["GET"]}}],"collection":[{"href":"https:\/\/www.yungayino.cl\/noticias\/index.php?rest_route=\/wp\/v2\/posts"}],"about":[{"href":"https:\/\/www.yungayino.cl\/noticias\/index.php?rest_route=\/wp\/v2\/types\/post"}],"author":[{"embeddable":true,"href":"https:\/\/www.yungayino.cl\/noticias\/index.php?rest_route=\/wp\/v2\/users\/2"}],"replies":[{"embeddable":true,"href":"https:\/\/www.yungayino.cl\/noticias\/index.php?rest_route=%2Fwp%2Fv2%2Fcomments&post=5300"}],"version-history":[{"count":3,"href":"https:\/\/www.yungayino.cl\/noticias\/index.php?rest_route=\/wp\/v2\/posts\/5300\/revisions"}],"predecessor-version":[{"id":5303,"href":"https:\/\/www.yungayino.cl\/noticias\/index.php?rest_route=\/wp\/v2\/posts\/5300\/revisions\/5303"}],"wp:featuredmedia":[{"embeddable":true,"href":"https:\/\/www.yungayino.cl\/noticias\/index.php?rest_route=\/wp\/v2\/media\/15557"}],"wp:attachment":[{"href":"https:\/\/www.yungayino.cl\/noticias\/index.php?rest_route=%2Fwp%2Fv2%2Fmedia&parent=5300"}],"wp:term":[{"taxonomy":"category","embeddable":true,"href":"https:\/\/www.yungayino.cl\/noticias\/index.php?rest_route=%2Fwp%2Fv2%2Fcategories&post=5300"},{"taxonomy":"post_tag","embeddable":true,"href":"https:\/\/www.yungayino.cl\/noticias\/index.php?rest_route=%2Fwp%2Fv2%2Ftags&post=5300"}],"curies":[{"name":"wp","href":"https:\/\/api.w.org\/{rel}","templated":true}]}}