{"id":5311,"date":"2011-04-08T18:00:39","date_gmt":"2011-04-08T22:00:39","guid":{"rendered":"http:\/\/www.yungayino.cl\/noticias\/?p=5311"},"modified":"2011-04-08T23:01:38","modified_gmt":"2011-04-09T03:01:38","slug":"yungay-celebro-%e2%80%9cdia-nacional-de-educacion-fisica-y-deporte-escolar%e2%80%9d","status":"publish","type":"post","link":"https:\/\/www.yungayino.cl\/noticias\/?p=5311","title":{"rendered":"Yungay, Celebro \u201cD\u00eda Nacional de Educaci\u00f3n F\u00edsica y Deporte Escolar\u201d"},"content":{"rendered":"<p><img loading=\"lazy\" decoding=\"async\" src=\"http:\/\/www.yungayino.cl\/imagenes\/dianacionaldeporte2011.jpg\" alt=\"YUNGAYINO.CL - D\u00eda Nacional Educaci\u00f3n F\u00edsica y Deporte Escolar en Yungay\" width=\"500\" height=\"200\" \/><\/p>\n<p><span style=\"font-family: arial,helvetica,sans-serif;\"><span style=\"font-size: small;\">En el Estadio Municipal la comunidad escolar yungayina comenz\u00f3 a celebrar el \u201cD\u00eda Nacional de Educaci\u00f3n F\u00edsica y Deporte Escolar\u201d, el cual fue organizado por el Departamento de Educaci\u00f3n Municipal cuya directora es Eugenia L\u00f3pez. A la ceremonia concurri\u00f3 el alcalde Pedro Inostroza qui\u00e9n manifest\u00f3 que esta actividad es una importante oportunidad de incentivar a los j\u00f3venes a seguir practicando deporte, tambi\u00e9n concurrieron los Concejales, Autoridades Locales y Profesores de Educaci\u00f3n F\u00edsica de los distintos establecimientos educacionales de la comuna, fue as\u00ed que se dio inicio a las diferentes actividades deportivas donde participaron los alumnos en futbolito, ajedrez, atletismo, tenis de mesa, cicletada y marat\u00f3n de 5 kil\u00f3metros por las calles de la comuna, la cu\u00e1l cont\u00f3 con el apoyo de Carabineros.<\/span><\/span><\/p>\n<p><a href=\"http:\/\/www.facebook.com\/album.php?aid=68103&amp;id=159561284058919&amp;saved\"><span style=\"font-family: arial,helvetica,sans-serif;\"><span style=\"font-size: small;\">Fotograf\u00edas<\/span><\/span><\/a><\/p>\n","protected":false},"excerpt":{"rendered":"<p>En el Estadio Municipal la comunidad escolar yungayina comenz\u00f3 a celebrar el \u201cD\u00eda Nacional de Educaci\u00f3n F\u00edsica y Deporte Escolar\u201d, el cual fue organizado por el Departamento de Educaci\u00f3n Municipal cuya directora es Eugenia&#46;&#46;&#46;<\/p>\n","protected":false},"author":2,"featured_media":15560,"comment_status":"open","ping_status":"open","sticky":false,"template":"","format":"standard","meta":{"footnotes":""},"categories":[1],"tags":[1120,352,1115,8,6],"class_list":["post-5311","post","type-post","status-publish","format-standard","has-post-thumbnail","hentry","category-noticias","tag-deporte","tag-dia-nacional-actividad-fisica-y-deporte-escolar","tag-noticias","tag-yungay","tag-yungayino"],"_links":{"self":[{"href":"https:\/\/www.yungayino.cl\/noticias\/index.php?rest_route=\/wp\/v2\/posts\/5311","targetHints":{"allow":["GET"]}}],"collection":[{"href":"https:\/\/www.yungayino.cl\/noticias\/index.php?rest_route=\/wp\/v2\/posts"}],"about":[{"href":"https:\/\/www.yungayino.cl\/noticias\/index.php?rest_route=\/wp\/v2\/types\/post"}],"author":[{"embeddable":true,"href":"https:\/\/www.yungayino.cl\/noticias\/index.php?rest_route=\/wp\/v2\/users\/2"}],"replies":[{"embeddable":true,"href":"https:\/\/www.yungayino.cl\/noticias\/index.php?rest_route=%2Fwp%2Fv2%2Fcomments&post=5311"}],"version-history":[{"count":5,"href":"https:\/\/www.yungayino.cl\/noticias\/index.php?rest_route=\/wp\/v2\/posts\/5311\/revisions"}],"predecessor-version":[{"id":5316,"href":"https:\/\/www.yungayino.cl\/noticias\/index.php?rest_route=\/wp\/v2\/posts\/5311\/revisions\/5316"}],"wp:featuredmedia":[{"embeddable":true,"href":"https:\/\/www.yungayino.cl\/noticias\/index.php?rest_route=\/wp\/v2\/media\/15560"}],"wp:attachment":[{"href":"https:\/\/www.yungayino.cl\/noticias\/index.php?rest_route=%2Fwp%2Fv2%2Fmedia&parent=5311"}],"wp:term":[{"taxonomy":"category","embeddable":true,"href":"https:\/\/www.yungayino.cl\/noticias\/index.php?rest_route=%2Fwp%2Fv2%2Fcategories&post=5311"},{"taxonomy":"post_tag","embeddable":true,"href":"https:\/\/www.yungayino.cl\/noticias\/index.php?rest_route=%2Fwp%2Fv2%2Ftags&post=5311"}],"curies":[{"name":"wp","href":"https:\/\/api.w.org\/{rel}","templated":true}]}}