{"id":5322,"date":"2011-04-10T21:00:17","date_gmt":"2011-04-11T01:00:17","guid":{"rendered":"http:\/\/www.yungayino.cl\/noticias\/?p=5322"},"modified":"2011-04-10T22:48:15","modified_gmt":"2011-04-11T02:48:15","slug":"misa-de-presentacion-de-nuevo-parroco-para-yungay","status":"publish","type":"post","link":"https:\/\/www.yungayino.cl\/noticias\/?p=5322","title":{"rendered":"Misa de Presentaci\u00f3n de Nuevo P\u00e1rroco Para Yungay"},"content":{"rendered":"<p><img loading=\"lazy\" decoding=\"async\" src=\"http:\/\/www.yungayino.cl\/imagenes\/padrenelsonjara.jpg\" alt=\"YUNGAYINO.CL - El Portal de Yungay\" width=\"500\" height=\"200\" \/><\/p>\n<p aling=justify\"><font size=\"2><font size=\"2\">El d\u00eda domingo 10 de abril 2011 en el Gimnasio Multiuso de Yungay en la Eucarist\u00eda de las 11:00 horas se llev\u00f3 a efecto una acci\u00f3n lit\u00fargica presidida por Monse\u00f1or Carlos Pellegrin, Obispo de Chill\u00e1n donde el padre Nelson Jara Adasme asumi\u00f3 como nuevo P\u00e1rroco de la Parroquia San Miguel, cargo dejado por el P\u00e1rroco Lu\u00eds Rocha, quien  asumi\u00f3 como nuevo Vicario de la Pastoral en Chill\u00e1n. En la Eucarist\u00eda el Obispo realizo la invitaci\u00f3n a la comunidad a hacer oraci\u00f3n por el Padre Lu\u00eds Rocha y por el \u00e9xito de su nuevo servicio pastoral, al mismo tiempo orar por el Padre Nelson y su nueva comunidad parroquial. La ceremonia estuvo rica en signos: el Obispo le hizo entrega de los Evangelios, de la Casulla, y de las llaves del Tabern\u00e1culo, entre otros elementos.  Al t\u00e9rmino de la celebraci\u00f3n se invito a los asistentes y al Obispo Carlos Pellegrin a compartir un coctel en el gimnasio de la escuela Fernando Baquedano.<\/a><br \/>\n<a href=\"http:\/\/www.facebook.com\/album.php?aid=68345&#038;id=159561284058919&#038;saved\">Fotograf\u00edas<\/a><br \/>\n<\/br><br \/>\n<object width=\"425\" height=\"344\"><param name=\"movie\" value=\"http:\/\/www.youtube.com\/v\/hIHkCTCafmY?hl=es&#038;rel=0&#038;egm=0&#038;fs=1\"><\/param><param name=\"allowFullScreen\" value=\"true\"><\/param><param name=\"allowscriptaccess\" value=\"always\"><\/param><embed src=\"http:\/\/www.youtube.com\/v\/hIHkCTCafmY?hl=es&#038;rel=0&#038;egm=0&#038;fs=1\" type=\"application\/x-shockwave-flash\" allowscriptaccess=\"always\" allowfullscreen=\"true\" width=\"425\" height=\"344\"><\/embed><\/object><\/a><\/font><\/p>\n","protected":false},"excerpt":{"rendered":"<p>El d\u00eda domingo 10 de abril 2011 en el Gimnasio Multiuso de Yungay en la Eucarist\u00eda de las 11:00 horas se llev\u00f3 a efecto una acci\u00f3n lit\u00fargica presidida por Monse\u00f1or Carlos Pellegrin, Obispo de&#46;&#46;&#46;<\/p>\n","protected":false},"author":2,"featured_media":15562,"comment_status":"open","ping_status":"open","sticky":false,"template":"","format":"standard","meta":{"footnotes":""},"categories":[1],"tags":[353,8,66],"class_list":["post-5322","post","type-post","status-publish","format-standard","has-post-thumbnail","hentry","category-noticias","tag-padre-nelson-jara","tag-yungay","tag-yungayino-noticias"],"_links":{"self":[{"href":"https:\/\/www.yungayino.cl\/noticias\/index.php?rest_route=\/wp\/v2\/posts\/5322","targetHints":{"allow":["GET"]}}],"collection":[{"href":"https:\/\/www.yungayino.cl\/noticias\/index.php?rest_route=\/wp\/v2\/posts"}],"about":[{"href":"https:\/\/www.yungayino.cl\/noticias\/index.php?rest_route=\/wp\/v2\/types\/post"}],"author":[{"embeddable":true,"href":"https:\/\/www.yungayino.cl\/noticias\/index.php?rest_route=\/wp\/v2\/users\/2"}],"replies":[{"embeddable":true,"href":"https:\/\/www.yungayino.cl\/noticias\/index.php?rest_route=%2Fwp%2Fv2%2Fcomments&post=5322"}],"version-history":[{"count":9,"href":"https:\/\/www.yungayino.cl\/noticias\/index.php?rest_route=\/wp\/v2\/posts\/5322\/revisions"}],"predecessor-version":[{"id":5331,"href":"https:\/\/www.yungayino.cl\/noticias\/index.php?rest_route=\/wp\/v2\/posts\/5322\/revisions\/5331"}],"wp:featuredmedia":[{"embeddable":true,"href":"https:\/\/www.yungayino.cl\/noticias\/index.php?rest_route=\/wp\/v2\/media\/15562"}],"wp:attachment":[{"href":"https:\/\/www.yungayino.cl\/noticias\/index.php?rest_route=%2Fwp%2Fv2%2Fmedia&parent=5322"}],"wp:term":[{"taxonomy":"category","embeddable":true,"href":"https:\/\/www.yungayino.cl\/noticias\/index.php?rest_route=%2Fwp%2Fv2%2Fcategories&post=5322"},{"taxonomy":"post_tag","embeddable":true,"href":"https:\/\/www.yungayino.cl\/noticias\/index.php?rest_route=%2Fwp%2Fv2%2Ftags&post=5322"}],"curies":[{"name":"wp","href":"https:\/\/api.w.org\/{rel}","templated":true}]}}