{"id":5339,"date":"2011-04-12T15:00:17","date_gmt":"2011-04-12T19:00:17","guid":{"rendered":"http:\/\/www.yungayino.cl\/noticias\/?p=5339"},"modified":"2011-04-12T17:14:45","modified_gmt":"2011-04-12T21:14:45","slug":"ceremonia-de-entrega-programa-%e2%80%9cyo-elijo-mi-pc%e2%80%9d-en-yungay","status":"publish","type":"post","link":"https:\/\/www.yungayino.cl\/noticias\/?p=5339","title":{"rendered":"Ceremonia de Entrega Programa \u201cYo Elijo Mi PC\u201d en Yungay"},"content":{"rendered":"<p><img loading=\"lazy\" decoding=\"async\" src=\"http:\/\/www.yungayino.cl\/imagenes\/entregapc20110412.jpg\" alt=\"YUNGAYINO.CL - El Portal de Yungay\" width=\"500\" height=\"200\" \/><\/p>\n<p><span style=\"font-family: arial,helvetica,sans-serif;\"><span style=\"font-size: small;\">Yungay 12 abril 2011, en el gimnasio multiuso se realiz\u00f3 la ceremonia de entrega Programa \u201cYo Elijo Mi PC\u201d, donde asistieron el Alcalde Pedro Inostroza, Director Provincial Julio Moraga, representante Junaeb Yolanda Navarrete, directora DAEM Eugenia L\u00f3pez, Directores escuelas municipales y colegios particulares y subvencionados, apoderados y estudiantes. Yo elijo mi PC es una iniciativa impulsada por el gobierno de Chile, que busca aumentar los niveles de equidad, disminuir la brecha digital y favorecer a ni\u00f1os en condici\u00f3n de vulnerabilidad, que se destacan por sus altas calificaciones escolares. El programa, en el que participan el Ministerio de Educaci\u00f3n, JUNAEB y el proyecto Enlaces, entrega computadores personales a estudiantes que cumplen algunos criterios de selecci\u00f3n como estar en s\u00e9ptimo b\u00e1sico en el a\u00f1o 2011 en un establecimiento municipal o subvencionado, tener excelencia acad\u00e9mica y que la ficha de protecci\u00f3n social con puntaje menor o igual a 11.734. Los beneficiados fueron un total de 133 alumnos.<\/span><\/span><\/p>\n<p><span style=\"font-family: arial,helvetica,sans-serif;\"><span style=\"font-size: small;\">Escuela Fernando Baquedano 51 alumnos<\/span><\/span><\/p>\n<p><span style=\"font-family: arial,helvetica,sans-serif;\"><span style=\"font-size: small;\">Colegio Cholgu\u00e1n 13 alumnos<\/span><\/span><\/p>\n<p><span style=\"font-family: arial,helvetica,sans-serif;\"><span style=\"font-size: small;\">Colegio Divina Pastora 23 alumnos<\/span><\/span><\/p>\n<p><span style=\"font-family: arial,helvetica,sans-serif;\"><span style=\"font-size: small;\">Escuela de Campanario 19 alumnos<\/span><\/span><\/p>\n<p><span style=\"font-family: arial,helvetica,sans-serif;\"><span style=\"font-size: small;\">Escuela de Pangal del Laja 3 alumnos<\/span><\/span><\/p>\n<p><span style=\"font-family: arial,helvetica,sans-serif;\"><span style=\"font-size: small;\">Escuela San Miguel de Itata 2 alumnos<\/span><\/span><\/p>\n<p><span style=\"font-family: arial,helvetica,sans-serif;\"><span style=\"font-size: small;\">Escuela El Roble 4 alumnos<\/span><\/span><\/p>\n<p><span style=\"font-family: arial,helvetica,sans-serif;\"><span style=\"font-size: small;\">Escuela de Ranchillos 5 alumnos<\/span><\/span><\/p>\n<p><span style=\"font-family: arial,helvetica,sans-serif;\"><span style=\"font-size: small;\">Escuela de Los Mayos 9 alumnos<\/span><\/span><\/p>\n<p><span style=\"font-family: arial,helvetica,sans-serif;\"><span style=\"font-size: small;\">Escuela Los Laureles 2 alumnos<\/span><\/span><\/p>\n<p><span style=\"font-family: arial,helvetica,sans-serif;\"><span style=\"font-size: small;\">Escuela de Curapaso 2 alumnos<\/span><\/span><\/p>\n<p><span style=\"font-family: arial,helvetica,sans-serif;\"><span style=\"font-size: small;\"><a href=\"http:\/\/www.yungayino.cl\/noticias\/?p=5339#comments\">Comente Aqu\u00ed<\/a><br \/>\n<\/span><\/span><\/p>\n<p><a href=\"http:\/\/www.facebook.com\/album.php?aid=68528&amp;id=159561284058919&amp;saved\"><span style=\"font-family: arial,helvetica,sans-serif;\"><span style=\"font-size: small;\">Fotograf\u00edas<\/span><\/span><\/a><\/p>\n","protected":false},"excerpt":{"rendered":"<p>Yungay 12 abril 2011, en el gimnasio multiuso se realiz\u00f3 la ceremonia de entrega Programa \u201cYo Elijo Mi PC\u201d, donde asistieron el Alcalde Pedro Inostroza, Director Provincial Julio Moraga, representante Junaeb Yolanda Navarrete, directora&#46;&#46;&#46;<\/p>\n","protected":false},"author":2,"featured_media":15564,"comment_status":"open","ping_status":"open","sticky":false,"template":"","format":"standard","meta":{"footnotes":""},"categories":[1],"tags":[355,356,1115,354,8,6],"class_list":["post-5339","post","type-post","status-publish","format-standard","has-post-thumbnail","hentry","category-noticias","tag-daem","tag-municipalidad","tag-noticias","tag-yo-elijo-mi-pc","tag-yungay","tag-yungayino"],"_links":{"self":[{"href":"https:\/\/www.yungayino.cl\/noticias\/index.php?rest_route=\/wp\/v2\/posts\/5339","targetHints":{"allow":["GET"]}}],"collection":[{"href":"https:\/\/www.yungayino.cl\/noticias\/index.php?rest_route=\/wp\/v2\/posts"}],"about":[{"href":"https:\/\/www.yungayino.cl\/noticias\/index.php?rest_route=\/wp\/v2\/types\/post"}],"author":[{"embeddable":true,"href":"https:\/\/www.yungayino.cl\/noticias\/index.php?rest_route=\/wp\/v2\/users\/2"}],"replies":[{"embeddable":true,"href":"https:\/\/www.yungayino.cl\/noticias\/index.php?rest_route=%2Fwp%2Fv2%2Fcomments&post=5339"}],"version-history":[{"count":6,"href":"https:\/\/www.yungayino.cl\/noticias\/index.php?rest_route=\/wp\/v2\/posts\/5339\/revisions"}],"predecessor-version":[{"id":5345,"href":"https:\/\/www.yungayino.cl\/noticias\/index.php?rest_route=\/wp\/v2\/posts\/5339\/revisions\/5345"}],"wp:featuredmedia":[{"embeddable":true,"href":"https:\/\/www.yungayino.cl\/noticias\/index.php?rest_route=\/wp\/v2\/media\/15564"}],"wp:attachment":[{"href":"https:\/\/www.yungayino.cl\/noticias\/index.php?rest_route=%2Fwp%2Fv2%2Fmedia&parent=5339"}],"wp:term":[{"taxonomy":"category","embeddable":true,"href":"https:\/\/www.yungayino.cl\/noticias\/index.php?rest_route=%2Fwp%2Fv2%2Fcategories&post=5339"},{"taxonomy":"post_tag","embeddable":true,"href":"https:\/\/www.yungayino.cl\/noticias\/index.php?rest_route=%2Fwp%2Fv2%2Ftags&post=5339"}],"curies":[{"name":"wp","href":"https:\/\/api.w.org\/{rel}","templated":true}]}}