{"id":5346,"date":"2011-04-16T19:00:17","date_gmt":"2011-04-16T23:00:17","guid":{"rendered":"http:\/\/www.yungayino.cl\/noticias\/?p=5346"},"modified":"2011-04-17T19:55:08","modified_gmt":"2011-04-17T23:55:08","slug":"ceremonia-de-certificacion-de-docentes-se-realizo-en-yungay","status":"publish","type":"post","link":"https:\/\/www.yungayino.cl\/noticias\/?p=5346","title":{"rendered":"Ceremonia de Certificaci\u00f3n de Docentes se Realizo en Yungay"},"content":{"rendered":"<p><img loading=\"lazy\" decoding=\"async\" src=\"http:\/\/www.yungayino.cl\/imagenes\/profesores20110415.jpg\" alt=\"YUNGAYINO.CL - El Portal de Yungay\" width=\"500\" height=\"200\" \/><\/p>\n<p><span style=\"font-family: arial,helvetica,sans-serif;\"><span style=\"font-size: small;\">En las dependencias del Internado Eduardo Frei Montalva se llevo a cabo el viernes 15 de abril la Ceremonia de Certificaci\u00f3n de Docentes de la  Comuna de Yungay, los cuales participaron en un curso de \u201cMejoramiento de la Gesti\u00f3n de Aprendizajes y la Gesti\u00f3n Institucional a partir de los Instrumentos de Planificaci\u00f3n\u201d la que fue impartida por la Universidad Santo Tomas. La ceremonia estuvo encabezada por el alcalde Pedro Inostroza, la Directora Departamento de Educaci\u00f3n Municipal Eugenia L\u00f3pez, la Jefa de Unidad T\u00e9cnica Comunal Cecilia Cepeda y la Jefa de de Capacitaci\u00f3n de la Universidad Santo Tomas Gloria Benavente. Finalmente recibidos los certificados los docentes compartieron un coctel con las autoridades invitadas.<\/span><\/span><\/p>\n<p><a href=\"http:\/\/www.facebook.com\/media\/set\/fbx\/?set=a.218431854838528.69055.159561284058919&amp;saved\"><span style=\"font-family: arial,helvetica,sans-serif;\"><span style=\"font-size: small;\">Fotograf\u00edas<\/span><\/span><\/a><\/p>\n","protected":false},"excerpt":{"rendered":"<p>En las dependencias del Internado Eduardo Frei Montalva se llevo a cabo el viernes 15 de abril la Ceremonia de Certificaci\u00f3n de Docentes de la Comuna de Yungay, los cuales participaron en un curso&#46;&#46;&#46;<\/p>\n","protected":false},"author":2,"featured_media":15565,"comment_status":"open","ping_status":"open","sticky":false,"template":"","format":"standard","meta":{"footnotes":""},"categories":[1],"tags":[355,1115,42,8,6],"class_list":["post-5346","post","type-post","status-publish","format-standard","has-post-thumbnail","hentry","category-noticias","tag-daem","tag-noticias","tag-profesores","tag-yungay","tag-yungayino"],"_links":{"self":[{"href":"https:\/\/www.yungayino.cl\/noticias\/index.php?rest_route=\/wp\/v2\/posts\/5346","targetHints":{"allow":["GET"]}}],"collection":[{"href":"https:\/\/www.yungayino.cl\/noticias\/index.php?rest_route=\/wp\/v2\/posts"}],"about":[{"href":"https:\/\/www.yungayino.cl\/noticias\/index.php?rest_route=\/wp\/v2\/types\/post"}],"author":[{"embeddable":true,"href":"https:\/\/www.yungayino.cl\/noticias\/index.php?rest_route=\/wp\/v2\/users\/2"}],"replies":[{"embeddable":true,"href":"https:\/\/www.yungayino.cl\/noticias\/index.php?rest_route=%2Fwp%2Fv2%2Fcomments&post=5346"}],"version-history":[{"count":6,"href":"https:\/\/www.yungayino.cl\/noticias\/index.php?rest_route=\/wp\/v2\/posts\/5346\/revisions"}],"predecessor-version":[{"id":5353,"href":"https:\/\/www.yungayino.cl\/noticias\/index.php?rest_route=\/wp\/v2\/posts\/5346\/revisions\/5353"}],"wp:featuredmedia":[{"embeddable":true,"href":"https:\/\/www.yungayino.cl\/noticias\/index.php?rest_route=\/wp\/v2\/media\/15565"}],"wp:attachment":[{"href":"https:\/\/www.yungayino.cl\/noticias\/index.php?rest_route=%2Fwp%2Fv2%2Fmedia&parent=5346"}],"wp:term":[{"taxonomy":"category","embeddable":true,"href":"https:\/\/www.yungayino.cl\/noticias\/index.php?rest_route=%2Fwp%2Fv2%2Fcategories&post=5346"},{"taxonomy":"post_tag","embeddable":true,"href":"https:\/\/www.yungayino.cl\/noticias\/index.php?rest_route=%2Fwp%2Fv2%2Ftags&post=5346"}],"curies":[{"name":"wp","href":"https:\/\/api.w.org\/{rel}","templated":true}]}}