{"id":5379,"date":"2011-04-26T23:00:58","date_gmt":"2011-04-27T03:00:58","guid":{"rendered":"http:\/\/www.yungayino.cl\/noticias\/?p=5379"},"modified":"2011-04-27T11:14:51","modified_gmt":"2011-04-27T15:14:51","slug":"colegio-nueva-esperanza-celebra-%e2%80%9cdia-del-carabinero%e2%80%9d","status":"publish","type":"post","link":"https:\/\/www.yungayino.cl\/noticias\/?p=5379","title":{"rendered":"Colegio Nueva Esperanza Celebra \u201cD\u00eda del Carabinero\u201d"},"content":{"rendered":"<p><img loading=\"lazy\" decoding=\"async\" src=\"http:\/\/www.yungayino.cl\/imagenes\/nuevaesperanza20110426.jpg\" alt=\"YUNGAYINO.CL - Colegio Nueva Esperanza de Yungay Contin\u00faa Creciendo\" width=\"500\" height=\"200\" \/><\/p>\n<p align=\"justify\"><font size=\"2\">El Colegio Nueva Esperanza rindi\u00f3 homenaje a Carabineros de la Cuarta  Comisar\u00eda de Yungay con motivo de la celebraci\u00f3n del octog\u00e9simo cuarto aniversario de la fundaci\u00f3n de <a href=\"http:\/\/www.carabineros.cl\/\"><strong>Carabineros de Chile<\/strong><\/a>. El acto se llevo a cabo a partir de las 16:00 horas donde los alumnos homenajearon con coreograf\u00edas y la entonaci\u00f3n del himno del Carabinero, adem\u00e1s le hicieron entrega de una torta. La actividad estuvo encabezada por la Directora \u00a0Sandra Correa, el Sostenedor del Colegio Gonzalo Aedo, funcionarios de Carabineros de la cuarta comisar\u00eda de nuestra comuna, apoderados, profesores y alumnos.<\/a><br \/>\n<a href=\"http:\/\/www.yungayino.cl\/noticias\/?p=5379#comments\">Comente Aqu\u00ed<\/a><br \/>\n<a href=\"http:\/\/www.facebook.com\/home.php#!\/media\/set\/fbx\/?set=a.221028951245485.74907.159561284058919\">Fotograf\u00edas<\/a><br \/>\n<\/br><br \/>\n<object width=\"425\" height=\"344\"><param name=\"movie\" value=\"http:\/\/www.youtube.com\/v\/9QJl6UN8Nj4?hl=es&#038;rel=0&#038;egm=0&#038;fs=1\"><\/param><param name=\"allowFullScreen\" value=\"true\"><\/param><param name=\"allowscriptaccess\" value=\"always\"><\/param><embed src=\"http:\/\/www.youtube.com\/v\/9QJl6UN8Nj4?hl=es&#038;rel=0&#038;egm=0&#038;fs=1\" type=\"application\/x-shockwave-flash\" allowscriptaccess=\"always\" allowfullscreen=\"true\" width=\"425\" height=\"344\"><\/embed><\/object><\/a><\/font><\/p>\n","protected":false},"excerpt":{"rendered":"<p>El Colegio Nueva Esperanza rindi\u00f3 homenaje a Carabineros de la Cuarta Comisar\u00eda de Yungay con motivo de la celebraci\u00f3n del octog\u00e9simo cuarto aniversario de la fundaci\u00f3n de Carabineros de Chile. El acto se llevo&#46;&#46;&#46;<\/p>\n","protected":false},"author":2,"featured_media":15544,"comment_status":"open","ping_status":"open","sticky":false,"template":"","format":"standard","meta":{"footnotes":""},"categories":[1],"tags":[25,320,359,1115,8,6],"class_list":["post-5379","post","type-post","status-publish","format-standard","has-post-thumbnail","hentry","category-noticias","tag-carabineros","tag-colegio-nueva-esperanza","tag-dia-carabinero","tag-noticias","tag-yungay","tag-yungayino"],"_links":{"self":[{"href":"https:\/\/www.yungayino.cl\/noticias\/index.php?rest_route=\/wp\/v2\/posts\/5379","targetHints":{"allow":["GET"]}}],"collection":[{"href":"https:\/\/www.yungayino.cl\/noticias\/index.php?rest_route=\/wp\/v2\/posts"}],"about":[{"href":"https:\/\/www.yungayino.cl\/noticias\/index.php?rest_route=\/wp\/v2\/types\/post"}],"author":[{"embeddable":true,"href":"https:\/\/www.yungayino.cl\/noticias\/index.php?rest_route=\/wp\/v2\/users\/2"}],"replies":[{"embeddable":true,"href":"https:\/\/www.yungayino.cl\/noticias\/index.php?rest_route=%2Fwp%2Fv2%2Fcomments&post=5379"}],"version-history":[{"count":8,"href":"https:\/\/www.yungayino.cl\/noticias\/index.php?rest_route=\/wp\/v2\/posts\/5379\/revisions"}],"predecessor-version":[{"id":5389,"href":"https:\/\/www.yungayino.cl\/noticias\/index.php?rest_route=\/wp\/v2\/posts\/5379\/revisions\/5389"}],"wp:featuredmedia":[{"embeddable":true,"href":"https:\/\/www.yungayino.cl\/noticias\/index.php?rest_route=\/wp\/v2\/media\/15544"}],"wp:attachment":[{"href":"https:\/\/www.yungayino.cl\/noticias\/index.php?rest_route=%2Fwp%2Fv2%2Fmedia&parent=5379"}],"wp:term":[{"taxonomy":"category","embeddable":true,"href":"https:\/\/www.yungayino.cl\/noticias\/index.php?rest_route=%2Fwp%2Fv2%2Fcategories&post=5379"},{"taxonomy":"post_tag","embeddable":true,"href":"https:\/\/www.yungayino.cl\/noticias\/index.php?rest_route=%2Fwp%2Fv2%2Ftags&post=5379"}],"curies":[{"name":"wp","href":"https:\/\/api.w.org\/{rel}","templated":true}]}}