{"id":5386,"date":"2011-04-27T11:00:59","date_gmt":"2011-04-27T15:00:59","guid":{"rendered":"http:\/\/www.yungayino.cl\/noticias\/?p=5386"},"modified":"2011-04-27T11:11:18","modified_gmt":"2011-04-27T15:11:18","slug":"celebracion-del-aniversario-n%c2%ba-84-de-carabineros-de-chile-en-yungay","status":"publish","type":"post","link":"https:\/\/www.yungayino.cl\/noticias\/?p=5386","title":{"rendered":"Celebraci\u00f3n del Aniversario N\u00ba 84 de Carabineros de Chile en Yungay"},"content":{"rendered":"<p><img loading=\"lazy\" decoding=\"async\" src=\"http:\/\/www.yungayino.cl\/imagenes\/carabineros20110427.jpg\" alt=\"YUNGAYINO.CL - D\u00eda del Carabinero\" width=\"500\" height=\"200\" \/><\/p>\n<p><span style=\"font-family: arial,helvetica,sans-serif;\"><span style=\"font-size: small;\">Yungay 27 de abril a las 08:00 horas se dio inicio a la ceremonia de izamiento del Pabell\u00f3n Nacional, que conmemora el octog\u00e9simo cuarto aniversario de la fundaci\u00f3n de Carabineros de Chile, encabezada por el Mayor de la Cuarta Comisar\u00eda de Yungay John Cornejo. Oportunidad en la que se hicieron presentes el Alcalde Pedro Inostroza, el Gerente de Paneles Arauco Patricio Osses, el P\u00e1rroco Nelson Jara, Concejales, autoridades locales e invitados especiales. Tambi\u00e9n en la oportunidad los funcionarios de Carabineros cantaron el Himno de su instituci\u00f3n, finalmente el Mayor invito a los presentes a compartir un desayuno en la misma comisar\u00eda. Cabe destacar que posteriormente se realizara un acto c\u00edvico que se llevara a cabo en la Escuela de Campanario.<\/span><\/span><\/p>\n<p><a href=\"http:\/\/www.facebook.com\/media\/set\/fbx\/?set=a.221031101245270.74911.159561284058919&amp;saved\"><span style=\"font-family: arial,helvetica,sans-serif;\"><span style=\"font-size: small;\">Fotograf\u00edas<\/span><\/span><\/a><\/p>\n","protected":false},"excerpt":{"rendered":"<p>Yungay 27 de abril a las 08:00 horas se dio inicio a la ceremonia de izamiento del Pabell\u00f3n Nacional, que conmemora el octog\u00e9simo cuarto aniversario de la fundaci\u00f3n de Carabineros de Chile, encabezada por&#46;&#46;&#46;<\/p>\n","protected":false},"author":2,"featured_media":15541,"comment_status":"open","ping_status":"open","sticky":false,"template":"","format":"standard","meta":{"footnotes":""},"categories":[1],"tags":[25,360,1115,8,6],"class_list":["post-5386","post","type-post","status-publish","format-standard","has-post-thumbnail","hentry","category-noticias","tag-carabineros","tag-dia-del-carabinero","tag-noticias","tag-yungay","tag-yungayino"],"_links":{"self":[{"href":"https:\/\/www.yungayino.cl\/noticias\/index.php?rest_route=\/wp\/v2\/posts\/5386","targetHints":{"allow":["GET"]}}],"collection":[{"href":"https:\/\/www.yungayino.cl\/noticias\/index.php?rest_route=\/wp\/v2\/posts"}],"about":[{"href":"https:\/\/www.yungayino.cl\/noticias\/index.php?rest_route=\/wp\/v2\/types\/post"}],"author":[{"embeddable":true,"href":"https:\/\/www.yungayino.cl\/noticias\/index.php?rest_route=\/wp\/v2\/users\/2"}],"replies":[{"embeddable":true,"href":"https:\/\/www.yungayino.cl\/noticias\/index.php?rest_route=%2Fwp%2Fv2%2Fcomments&post=5386"}],"version-history":[{"count":2,"href":"https:\/\/www.yungayino.cl\/noticias\/index.php?rest_route=\/wp\/v2\/posts\/5386\/revisions"}],"predecessor-version":[{"id":5388,"href":"https:\/\/www.yungayino.cl\/noticias\/index.php?rest_route=\/wp\/v2\/posts\/5386\/revisions\/5388"}],"wp:featuredmedia":[{"embeddable":true,"href":"https:\/\/www.yungayino.cl\/noticias\/index.php?rest_route=\/wp\/v2\/media\/15541"}],"wp:attachment":[{"href":"https:\/\/www.yungayino.cl\/noticias\/index.php?rest_route=%2Fwp%2Fv2%2Fmedia&parent=5386"}],"wp:term":[{"taxonomy":"category","embeddable":true,"href":"https:\/\/www.yungayino.cl\/noticias\/index.php?rest_route=%2Fwp%2Fv2%2Fcategories&post=5386"},{"taxonomy":"post_tag","embeddable":true,"href":"https:\/\/www.yungayino.cl\/noticias\/index.php?rest_route=%2Fwp%2Fv2%2Ftags&post=5386"}],"curies":[{"name":"wp","href":"https:\/\/api.w.org\/{rel}","templated":true}]}}