{"id":5391,"date":"2011-04-27T20:00:52","date_gmt":"2011-04-28T00:00:52","guid":{"rendered":"http:\/\/www.yungayino.cl\/noticias\/?p=5391"},"modified":"2011-04-27T21:01:57","modified_gmt":"2011-04-28T01:01:57","slug":"escuela-de-campanario-rinde-homenaje-a-carabineros","status":"publish","type":"post","link":"https:\/\/www.yungayino.cl\/noticias\/?p=5391","title":{"rendered":"Escuela de Campanario Rinde Homenaje a Carabineros"},"content":{"rendered":"<p><img loading=\"lazy\" decoding=\"async\" src=\"http:\/\/www.yungayino.cl\/imagenes\/diacarabinerocampanario20110427.jpg\" alt=\"YUNGAYINO.CL - D\u00eda del Carabinero en Campanario\" width=\"500\" height=\"200\" \/><\/p>\n<p><span style=\"font-family: arial,helvetica,sans-serif;\"><span style=\"font-size: small;\">En la Escuela de Campanario se llevo a cabo el acto c\u00edvico en homenaje a Carabineros de la Cuarta Comisar\u00eda de Yungay y Ret\u00e9n de Campanario, el cual fue liderado por su Directora Carmen Panes, con motivo de la celebraci\u00f3n del octog\u00e9simo cuarto aniversario de la fundaci\u00f3n de Carabineros de Chile. El acto comenz\u00f3 a partir de las 11:00 horas donde los alumnos homenajearon a los Carabineros presentes con coreograf\u00edas. La actividad estuvo encabezada por el alcalde Pedro Inostroza, el Subteniente de Carabineros Alexis Carriel, la  Directora del Departamento de Educaci\u00f3n Municipal\u00a0 Eugenia L\u00f3pez, Concejales, Directores y alumnos de los diferentes establecimientos educacionales de la comuna.<\/span><\/span><\/p>\n<p><a href=\"http:\/\/www.facebook.com\/media\/set\/fbx\/?set=a.221149811233399.74942.159561284058919&amp;saved\"><span style=\"font-family: arial,helvetica,sans-serif;\"><span style=\"font-size: small;\">Fotograf\u00edas<\/span><\/span><\/a><\/p>\n","protected":false},"excerpt":{"rendered":"<p>En la Escuela de Campanario se llevo a cabo el acto c\u00edvico en homenaje a Carabineros de la Cuarta Comisar\u00eda de Yungay y Ret\u00e9n de Campanario, el cual fue liderado por su Directora Carmen&#46;&#46;&#46;<\/p>\n","protected":false},"author":2,"featured_media":15540,"comment_status":"open","ping_status":"open","sticky":false,"template":"","format":"standard","meta":{"footnotes":""},"categories":[1],"tags":[25,360,69,8,6],"class_list":["post-5391","post","type-post","status-publish","format-standard","has-post-thumbnail","hentry","category-noticias","tag-carabineros","tag-dia-del-carabinero","tag-noticas","tag-yungay","tag-yungayino"],"_links":{"self":[{"href":"https:\/\/www.yungayino.cl\/noticias\/index.php?rest_route=\/wp\/v2\/posts\/5391","targetHints":{"allow":["GET"]}}],"collection":[{"href":"https:\/\/www.yungayino.cl\/noticias\/index.php?rest_route=\/wp\/v2\/posts"}],"about":[{"href":"https:\/\/www.yungayino.cl\/noticias\/index.php?rest_route=\/wp\/v2\/types\/post"}],"author":[{"embeddable":true,"href":"https:\/\/www.yungayino.cl\/noticias\/index.php?rest_route=\/wp\/v2\/users\/2"}],"replies":[{"embeddable":true,"href":"https:\/\/www.yungayino.cl\/noticias\/index.php?rest_route=%2Fwp%2Fv2%2Fcomments&post=5391"}],"version-history":[{"count":5,"href":"https:\/\/www.yungayino.cl\/noticias\/index.php?rest_route=\/wp\/v2\/posts\/5391\/revisions"}],"predecessor-version":[{"id":5396,"href":"https:\/\/www.yungayino.cl\/noticias\/index.php?rest_route=\/wp\/v2\/posts\/5391\/revisions\/5396"}],"wp:featuredmedia":[{"embeddable":true,"href":"https:\/\/www.yungayino.cl\/noticias\/index.php?rest_route=\/wp\/v2\/media\/15540"}],"wp:attachment":[{"href":"https:\/\/www.yungayino.cl\/noticias\/index.php?rest_route=%2Fwp%2Fv2%2Fmedia&parent=5391"}],"wp:term":[{"taxonomy":"category","embeddable":true,"href":"https:\/\/www.yungayino.cl\/noticias\/index.php?rest_route=%2Fwp%2Fv2%2Fcategories&post=5391"},{"taxonomy":"post_tag","embeddable":true,"href":"https:\/\/www.yungayino.cl\/noticias\/index.php?rest_route=%2Fwp%2Fv2%2Ftags&post=5391"}],"curies":[{"name":"wp","href":"https:\/\/api.w.org\/{rel}","templated":true}]}}