{"id":5397,"date":"2011-04-28T13:00:09","date_gmt":"2011-04-28T17:00:09","guid":{"rendered":"http:\/\/www.yungayino.cl\/noticias\/?p=5397"},"modified":"2011-04-28T13:14:26","modified_gmt":"2011-04-28T17:14:26","slug":"gendarme-agredido-por-reo-en-carcel-de-yungay","status":"publish","type":"post","link":"https:\/\/www.yungayino.cl\/noticias\/?p=5397","title":{"rendered":"Gendarme Agredido por Reo en C\u00e1rcel de Yungay"},"content":{"rendered":"<p><img loading=\"lazy\" decoding=\"async\" src=\"http:\/\/www.yungayino.cl\/imagenes\/agresiongerdarmen201104.jpg\" alt=\"YUNGAYINO.CL - El Portal de Yungay\" width=\"500\" height=\"200\" \/><\/p>\n<p><span style=\"font-family: arial,helvetica,sans-serif;\"><span style=\"font-size: small;\">Una denuncia y querella por lesiones graves presentar\u00e1 el alto mando regional de Gendarmer\u00eda ante la fiscal\u00eda de Yungay, tras el violento incidente registrado en la ma\u00f1ana de hoy jueves 28 de abril, alrededor de las 08:00 al interior del Centro de Detenci\u00f3n Preventiva (C.D.P) de esta ciudad, donde el Sargento 1\u00ba V\u00edctor Gonz\u00e1lez D\u00edaz de 46 a\u00f1os oriundo de Talca, result\u00f3 con heridas graves en el cuello, zona yugular, tras ser agredido con un arma cortante por el interno Jaime Sanhueza Conejeros, quien cumple una pena de diez a\u00f1os y un d\u00eda. El funcionario fue primeramente trasladado al hospital de Yungay, donde fue atendido de urgencia, para luego ser derivado al Hospital Herminda Mart\u00edn de Chill\u00e1n. Finalmente llego Personal de la PDI, qui\u00e9n esta averiguando las verdaderas causas por lo que se habr\u00eda originado la agresi\u00f3n, mientras que el interno fue derivado a otro establecimiento penal del pa\u00eds por medidas de seguridad. (Noticia en desarrollo)<\/span><\/span><\/p>\n","protected":false},"excerpt":{"rendered":"<p>Una denuncia y querella por lesiones graves presentar\u00e1 el alto mando regional de Gendarmer\u00eda ante la fiscal\u00eda de Yungay, tras el violento incidente registrado en la ma\u00f1ana de hoy jueves 28 de abril, alrededor&#46;&#46;&#46;<\/p>\n","protected":false},"author":2,"featured_media":15567,"comment_status":"open","ping_status":"open","sticky":false,"template":"","format":"standard","meta":{"footnotes":""},"categories":[1],"tags":[361,1115,8,6],"class_list":["post-5397","post","type-post","status-publish","format-standard","has-post-thumbnail","hentry","category-noticias","tag-gendarmeria","tag-noticias","tag-yungay","tag-yungayino"],"_links":{"self":[{"href":"https:\/\/www.yungayino.cl\/noticias\/index.php?rest_route=\/wp\/v2\/posts\/5397","targetHints":{"allow":["GET"]}}],"collection":[{"href":"https:\/\/www.yungayino.cl\/noticias\/index.php?rest_route=\/wp\/v2\/posts"}],"about":[{"href":"https:\/\/www.yungayino.cl\/noticias\/index.php?rest_route=\/wp\/v2\/types\/post"}],"author":[{"embeddable":true,"href":"https:\/\/www.yungayino.cl\/noticias\/index.php?rest_route=\/wp\/v2\/users\/2"}],"replies":[{"embeddable":true,"href":"https:\/\/www.yungayino.cl\/noticias\/index.php?rest_route=%2Fwp%2Fv2%2Fcomments&post=5397"}],"version-history":[{"count":2,"href":"https:\/\/www.yungayino.cl\/noticias\/index.php?rest_route=\/wp\/v2\/posts\/5397\/revisions"}],"predecessor-version":[{"id":5399,"href":"https:\/\/www.yungayino.cl\/noticias\/index.php?rest_route=\/wp\/v2\/posts\/5397\/revisions\/5399"}],"wp:featuredmedia":[{"embeddable":true,"href":"https:\/\/www.yungayino.cl\/noticias\/index.php?rest_route=\/wp\/v2\/media\/15567"}],"wp:attachment":[{"href":"https:\/\/www.yungayino.cl\/noticias\/index.php?rest_route=%2Fwp%2Fv2%2Fmedia&parent=5397"}],"wp:term":[{"taxonomy":"category","embeddable":true,"href":"https:\/\/www.yungayino.cl\/noticias\/index.php?rest_route=%2Fwp%2Fv2%2Fcategories&post=5397"},{"taxonomy":"post_tag","embeddable":true,"href":"https:\/\/www.yungayino.cl\/noticias\/index.php?rest_route=%2Fwp%2Fv2%2Ftags&post=5397"}],"curies":[{"name":"wp","href":"https:\/\/api.w.org\/{rel}","templated":true}]}}