{"id":5400,"date":"2011-04-28T19:00:39","date_gmt":"2011-04-28T23:00:39","guid":{"rendered":"http:\/\/www.yungayino.cl\/noticias\/?p=5400"},"modified":"2011-04-29T10:29:11","modified_gmt":"2011-04-29T14:29:11","slug":"comenzo-la-primera-fecha-%e2%80%9ccopa-arauco-cholguan%e2%80%9d-para-escolares-de-yungay-pemuco-y-tucapel","status":"publish","type":"post","link":"https:\/\/www.yungayino.cl\/noticias\/?p=5400","title":{"rendered":"Comenz\u00f3 la Primera Fecha \u201cCopa Arauco Cholgu\u00e1n\u201d Para Escolares de Yungay, Pemuco y Tucapel"},"content":{"rendered":"<p><img loading=\"lazy\" decoding=\"async\" src=\"http:\/\/www.yungayino.cl\/imagenes\/copaarauco20110427.jpg\" alt=\"YUNGAYINO.CL - Copa Arauco 2011\" width=\"500\" height=\"200\" \/><\/p>\n<p><span style=\"font-family: arial,helvetica,sans-serif;\"><span style=\"font-size: small;\">Este mi\u00e9rcoles 27 de abril, se dio inicio a la Primera \u201dCopa Arauco Cholgu\u00e1n\u201d, evento deportivo que reunir\u00e1 en torno al deporte a m\u00e1s de trescientos ni\u00f1os y j\u00f3venes escolares de las comunas de Yungay, Tucapel y Pemuco. El importante torneo de futbolito se disputar\u00e1, en categor\u00edas Infantil y Superior, en las tres sedes comunales y se extender\u00e1 hasta el mes de junio, transformando a estas zonas de las provincias de \u00d1uble y Bio Bio en el epicentro de la actividad deportiva local. Esta Copa se ha realizado con mucho \u00e9xito en la Provincia de Arauco, San Jos\u00e9 de Mariquina y Mehu\u00edn, en la Regi\u00f3n de los R\u00edos. Adem\u00e1s, en el segundo semestre de este a\u00f1o debutar\u00e1 tambi\u00e9n en Constituci\u00f3n. En Nueva Aldea, en tanto, se realiza desde hace cuatro a\u00f1os, una competencia para clubes campeones y sub. campeones de los torneos amateur de f\u00fatbol del Valle del Itata. La primera fase del torneo se realizar\u00e1 entre equipos de la misma comuna, para luego iniciar una instancia de eliminaci\u00f3n entre los mejores de los diversos grupos de cada comuna. Las instancias finales se disputar\u00e1n en la cancha de f\u00fatbol de Cholgu\u00e1n. Los partidos se iniciaron a partir de las 11:30 horas en las sede de Pemuco donde se realizo un acto que fue encabezado por el alcalde Julio Mu\u00f1oz, Marcelo Ortega Representante de Chile Deportes, Ernesto Mahn Saenger Coordinador Copa Arauco, Jorge Zapata Jefe de Relaciones P\u00fablicas Zona Cholgu\u00e1n y autoridades locales. Por su parte la Sede de Tucapel dio inicio a los partidos a partir de \u00a0las 15:00 horas en el Estadio de Huepil. Finalmente la  Sede de Yungay comenzara este viernes 29 de abril desde las 15:30 horas en el Estadio Municipal con un acto de lanzamiento organizado por el Municipio y el \u00c1rea Extraescolar.<\/span><\/span><\/p>\n<p><span style=\"text-decoration: underline;\"><strong><span style=\"font-family: arial,helvetica,sans-serif;\"><span style=\"font-size: small;\">Resultados Primera Fecha<\/span><\/span><\/strong><\/span><\/p>\n<p><strong><span style=\"font-family: arial,helvetica,sans-serif;\"><span style=\"font-size: small;\">Sede Pemuco<\/span><\/span><\/strong><\/p>\n<p><span style=\"font-family: arial,helvetica,sans-serif;\"><span style=\"font-size: small;\"><strong> <\/strong><em><span style=\"text-decoration: underline;\">Serie Infantil<\/span><\/em><\/span><\/span><\/p>\n<p><span style=\"font-family: arial,helvetica,sans-serif;\"><span style=\"font-size: small;\">Arturo Matte Alessandri <strong>9<\/strong> y Valle Hermoso\u00a0<strong>0<\/strong><\/span><\/span><\/p>\n<p><span style=\"font-family: arial,helvetica,sans-serif;\"><span style=\"font-size: small;\"> Jos\u00e9 R.\u00a0Salgado Burgos <strong>1<\/strong> y Dafne Zapata Rozas\u00a0<strong>3<\/strong><\/span><\/span><\/p>\n<p><span style=\"font-family: arial,helvetica,sans-serif;\"><span style=\"font-size: small;\"> <\/span><\/span><\/p>\n<p><span style=\"font-family: arial,helvetica,sans-serif;\"><span style=\"font-size: small;\"><em><span style=\"text-decoration: underline;\">Serie Superior<\/span><\/em><\/span><\/span><\/p>\n<p><span style=\"font-family: arial,helvetica,sans-serif;\"><span style=\"font-size: small;\">Arturo Matte Alessandri <strong>2<\/strong> y Liceo Tom\u00e1s A. Herrera Vega <strong>11<\/strong><br \/>\n<\/span><\/span><\/p>\n<p><span style=\"font-family: arial,helvetica,sans-serif;\"><span style=\"font-size: small;\">Jos\u00e9 R.\u00a0Salgado Burgos <strong>2 <\/strong>y Dafne Zapata Rozas <strong>5<\/strong><\/span><\/span><\/p>\n<p><span style=\"font-family: arial,helvetica,sans-serif;\"><span style=\"font-size: small;\"><strong> <\/strong><\/span><\/span><\/p>\n<p><strong><span style=\"font-family: arial,helvetica,sans-serif;\"><span style=\"font-size: small;\">Sede Hu\u00e9pil<\/span><\/span><\/strong><\/p>\n<p><span style=\"font-family: arial,helvetica,sans-serif;\"><span style=\"font-size: small;\"><em><span style=\"text-decoration: underline;\">Serie Infantil<\/span><\/em><\/span><\/span><\/p>\n<p><span style=\"font-family: arial,helvetica,sans-serif;\"><span style=\"font-size: small;\">Escuela F &#8211; 1016 de Trup\u00e1n <strong>2<\/strong> y Escuela E 1013 de Tucapel <strong>3<\/strong><\/span><\/span><\/p>\n<p><span style=\"font-family: arial,helvetica,sans-serif;\"><span style=\"font-size: small;\">Escuela D \u2013 1228 de Hu\u00e9pil <strong>1<\/strong> y Escuela F &#8211; 1015 de Polcura <strong>0<\/strong><\/span><\/span><\/p>\n<p><span style=\"font-family: arial,helvetica,sans-serif;\"><span style=\"font-size: small;\"><strong> <\/strong><\/span><\/span><\/p>\n<p><span style=\"font-family: arial,helvetica,sans-serif;\"><span style=\"font-size: small;\"><strong> <\/strong><\/span><\/span><\/p>\n<p><strong><span style=\"font-family: arial,helvetica,sans-serif;\"><span style=\"font-size: small;\">Sede Yungay<\/span><\/span><\/strong><\/p>\n<p><span style=\"font-family: arial,helvetica,sans-serif;\"><span style=\"font-size: small;\">Programaci\u00f3n Primera Fecha Sede Yungay, lugar: Estadio Municipal de Yungay, d\u00eda viernes 29 de Abril<\/span><\/span><\/p>\n<p><span style=\"font-family: arial,helvetica,sans-serif;\"><span style=\"font-size: small;\"><em><span style=\"text-decoration: underline;\"> <\/span><\/em><\/span><\/span><\/p>\n<p><span style=\"font-family: arial,helvetica,sans-serif;\"><span style=\"font-size: small;\"><em><span style=\"text-decoration: underline;\">Serie Infantil<\/span><\/em><\/span><\/span><\/p>\n<p><span style=\"font-family: arial,helvetica,sans-serif;\"><span style=\"font-size: small;\">16:00 hrs, Cancha 1 Partido N\u00ba1: Ranchillo v\/s Campanario<\/span><\/span><\/p>\n<p><span style=\"font-family: arial,helvetica,sans-serif;\"><span style=\"font-size: small;\"><em><span style=\"text-decoration: underline;\"> <\/span><\/em><\/span><\/span><\/p>\n<p><span style=\"font-family: arial,helvetica,sans-serif;\"><span style=\"font-size: small;\"><em><span style=\"text-decoration: underline;\">Serie Superior<\/span><\/em><\/span><\/span><\/p>\n<p><span style=\"font-family: arial,helvetica,sans-serif;\"><span style=\"font-size: small;\">16:00 hrs, Cancha 2 Partido N\u00ba 2: Liceo A 17 v\/s Liceo Fernando Baquedano<\/span><\/span><\/p>\n<p><span style=\"font-family: arial,helvetica,sans-serif;\"><span style=\"font-size: small;\"><a href=\"http:\/\/www.facebook.com\/media\/set\/fbx\/?set=a.221410671207313.75040.159561284058919&amp;saved\">Fotograf\u00edas Pemuco y Hu\u00e9pil<\/a><br \/>\n<\/span><\/span><\/p>\n","protected":false},"excerpt":{"rendered":"<p>Este mi\u00e9rcoles 27 de abril, se dio inicio a la Primera \u201dCopa Arauco Cholgu\u00e1n\u201d, evento deportivo que reunir\u00e1 en torno al deporte a m\u00e1s de trescientos ni\u00f1os y j\u00f3venes escolares de las comunas de&#46;&#46;&#46;<\/p>\n","protected":false},"author":2,"featured_media":15568,"comment_status":"open","ping_status":"open","sticky":false,"template":"","format":"standard","meta":{"footnotes":""},"categories":[1],"tags":[349,1120,1115,30,104,8,6],"class_list":["post-5400","post","type-post","status-publish","format-standard","has-post-thumbnail","hentry","category-noticias","tag-copa-arauco","tag-deporte","tag-noticias","tag-pemuco","tag-tucapel","tag-yungay","tag-yungayino"],"_links":{"self":[{"href":"https:\/\/www.yungayino.cl\/noticias\/index.php?rest_route=\/wp\/v2\/posts\/5400","targetHints":{"allow":["GET"]}}],"collection":[{"href":"https:\/\/www.yungayino.cl\/noticias\/index.php?rest_route=\/wp\/v2\/posts"}],"about":[{"href":"https:\/\/www.yungayino.cl\/noticias\/index.php?rest_route=\/wp\/v2\/types\/post"}],"author":[{"embeddable":true,"href":"https:\/\/www.yungayino.cl\/noticias\/index.php?rest_route=\/wp\/v2\/users\/2"}],"replies":[{"embeddable":true,"href":"https:\/\/www.yungayino.cl\/noticias\/index.php?rest_route=%2Fwp%2Fv2%2Fcomments&post=5400"}],"version-history":[{"count":9,"href":"https:\/\/www.yungayino.cl\/noticias\/index.php?rest_route=\/wp\/v2\/posts\/5400\/revisions"}],"predecessor-version":[{"id":5412,"href":"https:\/\/www.yungayino.cl\/noticias\/index.php?rest_route=\/wp\/v2\/posts\/5400\/revisions\/5412"}],"wp:featuredmedia":[{"embeddable":true,"href":"https:\/\/www.yungayino.cl\/noticias\/index.php?rest_route=\/wp\/v2\/media\/15568"}],"wp:attachment":[{"href":"https:\/\/www.yungayino.cl\/noticias\/index.php?rest_route=%2Fwp%2Fv2%2Fmedia&parent=5400"}],"wp:term":[{"taxonomy":"category","embeddable":true,"href":"https:\/\/www.yungayino.cl\/noticias\/index.php?rest_route=%2Fwp%2Fv2%2Fcategories&post=5400"},{"taxonomy":"post_tag","embeddable":true,"href":"https:\/\/www.yungayino.cl\/noticias\/index.php?rest_route=%2Fwp%2Fv2%2Ftags&post=5400"}],"curies":[{"name":"wp","href":"https:\/\/api.w.org\/{rel}","templated":true}]}}