{"id":5426,"date":"2011-04-30T15:00:43","date_gmt":"2011-04-30T19:00:43","guid":{"rendered":"http:\/\/www.yungayino.cl\/noticias\/?p=5426"},"modified":"2011-04-30T17:22:10","modified_gmt":"2011-04-30T21:22:10","slug":"municipalidad-de-yungay-expuso-cuenta-publica-ano-2010","status":"publish","type":"post","link":"https:\/\/www.yungayino.cl\/noticias\/?p=5426","title":{"rendered":"Municipalidad de Yungay Expuso Cuenta P\u00fablica A\u00f1o 2010"},"content":{"rendered":"<p><img decoding=\"async\" src=\"http:\/\/www.yungayino.cl\/imagenes\/cuentapublica2011.jpg\" alt=\"YUNGAYINO.CL - El Portal de Yungay\" \/><\/p>\n<p><span style=\"font-family: arial,helvetica,sans-serif;\"><span style=\"font-size: small;\">Yungay, viernes 30 de abril a las 17:00 horas, se entreg\u00f3 la Cuenta P\u00fablica de la Gesti\u00f3n Municipal a\u00f1o 2010 en una sesi\u00f3n especial del Concejo, la cu\u00e1l se realizo en el Anexo del Internado Eduardo Frei, liderada por el Alcalde Pedro Inostroza Valenzuela. Asistieron a dicha actividad los Concejales, Francisco Gui\u00f1ez Arriagada, Juana Sandoval Rojas, Robert Melo Esparza, Jos\u00e9 Miguel Navarrete Quinteros, Carlos Hormaz\u00e1bal Villagra, Funcionarios municipales y p\u00fablico en general. En una presentaci\u00f3n audio visual los Directores de los diferentes Departamentos detallaron los movimientos tanto de ingresos como de egresos econ\u00f3micos que afectaron en el pasado a\u00f1o al Municipio, explicando los presupuestos de Municipalidad, Educaci\u00f3n, Salud, Social,\u00a0 Transito y Obras. En la oficina municipal se encuentran todos los libros con la informaci\u00f3n detallada sobre esta cuenta p\u00fablica a disposici\u00f3n para todas aquellas personas que deseen tener acceso a dicho material.<\/span><\/span><\/p>\n<p><a href=\"http:\/\/www.facebook.com\/media\/set\/fbx\/?set=a.221890971159283.75213.159561284058919&amp;saved\"><span style=\"font-family: arial,helvetica,sans-serif;\"><span style=\"font-size: small;\">Fotograf\u00edas<\/span><\/span><\/a><\/p>\n","protected":false},"excerpt":{"rendered":"<p>Yungay, viernes 30 de abril a las 17:00 horas, se entreg\u00f3 la Cuenta P\u00fablica de la Gesti\u00f3n Municipal a\u00f1o 2010 en una sesi\u00f3n especial del Concejo, la cu\u00e1l se realizo en el Anexo del&#46;&#46;&#46;<\/p>\n","protected":false},"author":2,"featured_media":15573,"comment_status":"open","ping_status":"open","sticky":false,"template":"","format":"standard","meta":{"footnotes":""},"categories":[1],"tags":[365,356,1115,8,6],"class_list":["post-5426","post","type-post","status-publish","format-standard","has-post-thumbnail","hentry","category-noticias","tag-cuenta-publica","tag-municipalidad","tag-noticias","tag-yungay","tag-yungayino"],"_links":{"self":[{"href":"https:\/\/www.yungayino.cl\/noticias\/index.php?rest_route=\/wp\/v2\/posts\/5426","targetHints":{"allow":["GET"]}}],"collection":[{"href":"https:\/\/www.yungayino.cl\/noticias\/index.php?rest_route=\/wp\/v2\/posts"}],"about":[{"href":"https:\/\/www.yungayino.cl\/noticias\/index.php?rest_route=\/wp\/v2\/types\/post"}],"author":[{"embeddable":true,"href":"https:\/\/www.yungayino.cl\/noticias\/index.php?rest_route=\/wp\/v2\/users\/2"}],"replies":[{"embeddable":true,"href":"https:\/\/www.yungayino.cl\/noticias\/index.php?rest_route=%2Fwp%2Fv2%2Fcomments&post=5426"}],"version-history":[{"count":2,"href":"https:\/\/www.yungayino.cl\/noticias\/index.php?rest_route=\/wp\/v2\/posts\/5426\/revisions"}],"predecessor-version":[{"id":5428,"href":"https:\/\/www.yungayino.cl\/noticias\/index.php?rest_route=\/wp\/v2\/posts\/5426\/revisions\/5428"}],"wp:featuredmedia":[{"embeddable":true,"href":"https:\/\/www.yungayino.cl\/noticias\/index.php?rest_route=\/wp\/v2\/media\/15573"}],"wp:attachment":[{"href":"https:\/\/www.yungayino.cl\/noticias\/index.php?rest_route=%2Fwp%2Fv2%2Fmedia&parent=5426"}],"wp:term":[{"taxonomy":"category","embeddable":true,"href":"https:\/\/www.yungayino.cl\/noticias\/index.php?rest_route=%2Fwp%2Fv2%2Fcategories&post=5426"},{"taxonomy":"post_tag","embeddable":true,"href":"https:\/\/www.yungayino.cl\/noticias\/index.php?rest_route=%2Fwp%2Fv2%2Ftags&post=5426"}],"curies":[{"name":"wp","href":"https:\/\/api.w.org\/{rel}","templated":true}]}}