{"id":5460,"date":"2011-05-05T13:00:06","date_gmt":"2011-05-05T17:00:06","guid":{"rendered":"http:\/\/www.yungayino.cl\/noticias\/?p=5460"},"modified":"2011-05-05T19:26:17","modified_gmt":"2011-05-05T23:26:17","slug":"inauguracion-sala-de-estimulacion-hospital-de-yungay","status":"publish","type":"post","link":"https:\/\/www.yungayino.cl\/noticias\/?p=5460","title":{"rendered":"Inauguraci\u00f3n Sala de Estimulaci\u00f3n Hospital de Yungay"},"content":{"rendered":"<p><img loading=\"lazy\" decoding=\"async\" src=\"http:\/\/www.yungayino.cl\/imagenes\/salaestimulacion20110505.jpg\" alt=\"YUNGAYINO.CL - El Portal de Yungay\" width=\"500\" height=\"200\" \/><\/p>\n<p><span style=\"font-family: arial,helvetica,sans-serif;\"><span style=\"font-size: small;\">Yungay, jueves 05 de mayo 2011, a las 11:00 horas se inaugur\u00f3 la sala de estimulaci\u00f3n para ni\u00f1os y ni\u00f1as\u00a0de 0 a 4 a\u00f1os de edad, pertenecientes a la comuna tanto del sector rural o urbano incluyendo poblaci\u00f3n del cesfam de Campanario, los peque\u00f1itos beneficiados son aquellos que tengan un\u00a0retraso o rezago en su desarrollo psicomotor, con discapacidad f\u00edsica y \/o mental que afecte su desarrollo. Para llevar a cabo esta iniciativa se postulo a un proyecto de mejoramiento de la modalidad para pasar de una ludoteca a sala de estimulaci\u00f3n donde son atendidos por un profesional en el \u00e1rea Educador de P\u00e1rvulos, con quien tienen control peri\u00f3dico de media hora cada sesi\u00f3n con todos los juguetes y material did\u00e1ctico apropiado para la estimulaci\u00f3n temprana de los ni\u00f1os y ni\u00f1as beneficiadas. Posteriormente son derivados a la sala de la evaluaci\u00f3n en el control de ni\u00f1os sanos.<\/span><\/span><\/p>\n<p><a href=\"http:\/\/www.facebook.com\/media\/set\/?set=a.223206927694354.75711.159561284058919&amp;saved\"><span style=\"font-family: arial,helvetica,sans-serif;\"><span style=\"font-size: small;\">Fotograf\u00edas<\/span><\/span><\/a><\/p>\n","protected":false},"excerpt":{"rendered":"<p>Yungay, jueves 05 de mayo 2011, a las 11:00 horas se inaugur\u00f3 la sala de estimulaci\u00f3n para ni\u00f1os y ni\u00f1as\u00a0de 0 a 4 a\u00f1os de edad, pertenecientes a la comuna tanto del sector rural&#46;&#46;&#46;<\/p>\n","protected":false},"author":2,"featured_media":15578,"comment_status":"open","ping_status":"open","sticky":false,"template":"","format":"standard","meta":{"footnotes":""},"categories":[1],"tags":[84,69,368,8,6],"class_list":["post-5460","post","type-post","status-publish","format-standard","has-post-thumbnail","hentry","category-noticias","tag-hospital","tag-noticas","tag-sala-estimulacion","tag-yungay","tag-yungayino"],"_links":{"self":[{"href":"https:\/\/www.yungayino.cl\/noticias\/index.php?rest_route=\/wp\/v2\/posts\/5460","targetHints":{"allow":["GET"]}}],"collection":[{"href":"https:\/\/www.yungayino.cl\/noticias\/index.php?rest_route=\/wp\/v2\/posts"}],"about":[{"href":"https:\/\/www.yungayino.cl\/noticias\/index.php?rest_route=\/wp\/v2\/types\/post"}],"author":[{"embeddable":true,"href":"https:\/\/www.yungayino.cl\/noticias\/index.php?rest_route=\/wp\/v2\/users\/2"}],"replies":[{"embeddable":true,"href":"https:\/\/www.yungayino.cl\/noticias\/index.php?rest_route=%2Fwp%2Fv2%2Fcomments&post=5460"}],"version-history":[{"count":4,"href":"https:\/\/www.yungayino.cl\/noticias\/index.php?rest_route=\/wp\/v2\/posts\/5460\/revisions"}],"predecessor-version":[{"id":5472,"href":"https:\/\/www.yungayino.cl\/noticias\/index.php?rest_route=\/wp\/v2\/posts\/5460\/revisions\/5472"}],"wp:featuredmedia":[{"embeddable":true,"href":"https:\/\/www.yungayino.cl\/noticias\/index.php?rest_route=\/wp\/v2\/media\/15578"}],"wp:attachment":[{"href":"https:\/\/www.yungayino.cl\/noticias\/index.php?rest_route=%2Fwp%2Fv2%2Fmedia&parent=5460"}],"wp:term":[{"taxonomy":"category","embeddable":true,"href":"https:\/\/www.yungayino.cl\/noticias\/index.php?rest_route=%2Fwp%2Fv2%2Fcategories&post=5460"},{"taxonomy":"post_tag","embeddable":true,"href":"https:\/\/www.yungayino.cl\/noticias\/index.php?rest_route=%2Fwp%2Fv2%2Ftags&post=5460"}],"curies":[{"name":"wp","href":"https:\/\/api.w.org\/{rel}","templated":true}]}}