{"id":5512,"date":"2011-05-11T17:00:38","date_gmt":"2011-05-11T21:00:38","guid":{"rendered":"http:\/\/www.yungayino.cl\/noticias\/?p=5512"},"modified":"2011-05-11T19:05:55","modified_gmt":"2011-05-11T23:05:55","slug":"yungay-celebro-el-dia-del-estudiante","status":"publish","type":"post","link":"https:\/\/www.yungayino.cl\/noticias\/?p=5512","title":{"rendered":"Yungay Celebr\u00f3 el D\u00eda del Estudiante"},"content":{"rendered":"<p><img loading=\"lazy\" decoding=\"async\" src=\"http:\/\/www.yungayino.cl\/imagenes\/diaalumno2011.jpg\" alt=\"YUNGAYINO.CL - D\u00eda Alumno en Yungay\" width=\"500\" height=\"200\" \/><\/p>\n<p align=\"justify\"><font size=\"2\">Yungay 11 de mayo 2011 en el sal\u00f3n comunitario multiuso, se realiz\u00f3 al acto con motivo de la celebraci\u00f3n del  d\u00eda del alumno, en el cu\u00e1l los profesores Gabriel Quintrileo, Ana Mar\u00eda Castillo, Macarena Anabal\u00f3n y Zoilo Irarr\u00e1zabal realizaron un paso teatral llamado \u201cLas Humitas\u201d. En la ocasi\u00f3n se les hizo entrega de un diploma en reconocimiento por su participaron en esta actividad a los representantes de los Colegios tanto rural como urbano de nuestra comuna. Adem\u00e1s el profesor Sebasti\u00e1n Canales, interpret\u00f3 dos temas musicales y el profesor Felipe Aguayo, deleit\u00f3 a los presentes con su saxof\u00f3n. Cabe destacar que el acto fue organizado por la Escuela Fernando Baquedano y apoyado por el Departamento de Educaci\u00f3n de la Ilustre Municipalidad. Finalmente a la actividad asistieron Directores de los diferentes establecimientos educacionales, Concejales, Autoridades comunales, Profesores, Alumnos y p\u00fablico en general.<br \/>\n<a href=\"http:\/\/www.facebook.com\/media\/set\/?set=a.224919284189785.76322.159561284058919&#038;saved\">Fotograf\u00edas<\/a><br \/>\n<\/br><br \/>\n<object width=\"425\" height=\"344\"><param name=\"movie\" value=\"http:\/\/www.youtube.com\/v\/Rt6yAs4yKxc?hl=es&#038;rel=0&#038;egm=0&#038;fs=1\"><\/param><param name=\"allowFullScreen\" value=\"true\"><\/param><param name=\"allowscriptaccess\" value=\"always\"><\/param><embed src=\"http:\/\/www.youtube.com\/v\/Rt6yAs4yKxc?hl=es&#038;rel=0&#038;egm=0&#038;fs=1\" type=\"application\/x-shockwave-flash\" allowscriptaccess=\"always\" allowfullscreen=\"true\" width=\"425\" height=\"344\"><\/embed><\/object><\/a><\/font><\/p>\n","protected":false},"excerpt":{"rendered":"<p>Yungay 11 de mayo 2011 en el sal\u00f3n comunitario multiuso, se realiz\u00f3 al acto con motivo de la celebraci\u00f3n del d\u00eda del alumno, en el cu\u00e1l los profesores Gabriel Quintrileo, Ana Mar\u00eda Castillo, Macarena&#46;&#46;&#46;<\/p>\n","protected":false},"author":2,"featured_media":15586,"comment_status":"open","ping_status":"open","sticky":false,"template":"","format":"standard","meta":{"footnotes":""},"categories":[1],"tags":[371,1115,8,6],"class_list":["post-5512","post","type-post","status-publish","format-standard","has-post-thumbnail","hentry","category-noticias","tag-dia-alumno","tag-noticias","tag-yungay","tag-yungayino"],"_links":{"self":[{"href":"https:\/\/www.yungayino.cl\/noticias\/index.php?rest_route=\/wp\/v2\/posts\/5512","targetHints":{"allow":["GET"]}}],"collection":[{"href":"https:\/\/www.yungayino.cl\/noticias\/index.php?rest_route=\/wp\/v2\/posts"}],"about":[{"href":"https:\/\/www.yungayino.cl\/noticias\/index.php?rest_route=\/wp\/v2\/types\/post"}],"author":[{"embeddable":true,"href":"https:\/\/www.yungayino.cl\/noticias\/index.php?rest_route=\/wp\/v2\/users\/2"}],"replies":[{"embeddable":true,"href":"https:\/\/www.yungayino.cl\/noticias\/index.php?rest_route=%2Fwp%2Fv2%2Fcomments&post=5512"}],"version-history":[{"count":6,"href":"https:\/\/www.yungayino.cl\/noticias\/index.php?rest_route=\/wp\/v2\/posts\/5512\/revisions"}],"predecessor-version":[{"id":5518,"href":"https:\/\/www.yungayino.cl\/noticias\/index.php?rest_route=\/wp\/v2\/posts\/5512\/revisions\/5518"}],"wp:featuredmedia":[{"embeddable":true,"href":"https:\/\/www.yungayino.cl\/noticias\/index.php?rest_route=\/wp\/v2\/media\/15586"}],"wp:attachment":[{"href":"https:\/\/www.yungayino.cl\/noticias\/index.php?rest_route=%2Fwp%2Fv2%2Fmedia&parent=5512"}],"wp:term":[{"taxonomy":"category","embeddable":true,"href":"https:\/\/www.yungayino.cl\/noticias\/index.php?rest_route=%2Fwp%2Fv2%2Fcategories&post=5512"},{"taxonomy":"post_tag","embeddable":true,"href":"https:\/\/www.yungayino.cl\/noticias\/index.php?rest_route=%2Fwp%2Fv2%2Ftags&post=5512"}],"curies":[{"name":"wp","href":"https:\/\/api.w.org\/{rel}","templated":true}]}}