{"id":5601,"date":"2011-05-26T11:00:32","date_gmt":"2011-05-26T15:00:32","guid":{"rendered":"http:\/\/www.yungayino.cl\/noticias\/?p=5601"},"modified":"2011-05-26T12:10:59","modified_gmt":"2011-05-26T16:10:59","slug":"carabineros-de-yungay-realiza-ceremonia-de-ascenso","status":"publish","type":"post","link":"https:\/\/www.yungayino.cl\/noticias\/?p=5601","title":{"rendered":"Carabineros de Yungay Realiza Ceremonia de Ascenso"},"content":{"rendered":"<p><img loading=\"lazy\" decoding=\"async\" src=\"http:\/\/www.yungayino.cl\/imagenes\/asensocarabinero20110525.jpg\" alt=\"YUNGAYINO.CL - El Portal de Yungay\" width=\"500\" height=\"200\" \/><\/p>\n<p><span style=\"font-family: arial,helvetica,sans-serif;\"><span style=\"font-size: small;\">Yungay, en las dependencias de la Cuarta Comisar\u00eda de Carabineros se llevo a cabo una ceremonia de ascenso al Cabo 1\u00ba Carlos Chavarr\u00eda Pineda, qui\u00e9n en merito de sus cualidades profesionales y personales fue distinguido por el mando institucional para ostentar al grado superior de Sargento 2\u00ba. En la ocasi\u00f3n el Carabinero fue investido por parte del Mayor John Cornejo quien puso sobre sus hombros los nuevos s\u00edmbolos junto a su esposa. Esta ceremonia estuvo acompa\u00f1ada por la familia del ascendido y los funcionarios de las dependencias de Pemuco, El Carmen, Campanario y Yungay. <\/span><\/span><\/p>\n<p><a href=\"http:\/\/www.facebook.com\/media\/set\/?set=a.228911157123931.77804.159561284058919&amp;saved\"><span style=\"font-family: arial,helvetica,sans-serif;\"><span style=\"font-size: small;\">Fotograf\u00edas<\/span><\/span><\/a><strong><br \/>\n<\/strong><\/p>\n","protected":false},"excerpt":{"rendered":"<p>Yungay, en las dependencias de la Cuarta Comisar\u00eda de Carabineros se llevo a cabo una ceremonia de ascenso al Cabo 1\u00ba Carlos Chavarr\u00eda Pineda, qui\u00e9n en merito de sus cualidades profesionales y personales fue&#46;&#46;&#46;<\/p>\n","protected":false},"author":2,"featured_media":15602,"comment_status":"open","ping_status":"open","sticky":false,"template":"","format":"standard","meta":{"footnotes":""},"categories":[1],"tags":[25,1115,8,6],"class_list":["post-5601","post","type-post","status-publish","format-standard","has-post-thumbnail","hentry","category-noticias","tag-carabineros","tag-noticias","tag-yungay","tag-yungayino"],"_links":{"self":[{"href":"https:\/\/www.yungayino.cl\/noticias\/index.php?rest_route=\/wp\/v2\/posts\/5601","targetHints":{"allow":["GET"]}}],"collection":[{"href":"https:\/\/www.yungayino.cl\/noticias\/index.php?rest_route=\/wp\/v2\/posts"}],"about":[{"href":"https:\/\/www.yungayino.cl\/noticias\/index.php?rest_route=\/wp\/v2\/types\/post"}],"author":[{"embeddable":true,"href":"https:\/\/www.yungayino.cl\/noticias\/index.php?rest_route=\/wp\/v2\/users\/2"}],"replies":[{"embeddable":true,"href":"https:\/\/www.yungayino.cl\/noticias\/index.php?rest_route=%2Fwp%2Fv2%2Fcomments&post=5601"}],"version-history":[{"count":3,"href":"https:\/\/www.yungayino.cl\/noticias\/index.php?rest_route=\/wp\/v2\/posts\/5601\/revisions"}],"predecessor-version":[{"id":5604,"href":"https:\/\/www.yungayino.cl\/noticias\/index.php?rest_route=\/wp\/v2\/posts\/5601\/revisions\/5604"}],"wp:featuredmedia":[{"embeddable":true,"href":"https:\/\/www.yungayino.cl\/noticias\/index.php?rest_route=\/wp\/v2\/media\/15602"}],"wp:attachment":[{"href":"https:\/\/www.yungayino.cl\/noticias\/index.php?rest_route=%2Fwp%2Fv2%2Fmedia&parent=5601"}],"wp:term":[{"taxonomy":"category","embeddable":true,"href":"https:\/\/www.yungayino.cl\/noticias\/index.php?rest_route=%2Fwp%2Fv2%2Fcategories&post=5601"},{"taxonomy":"post_tag","embeddable":true,"href":"https:\/\/www.yungayino.cl\/noticias\/index.php?rest_route=%2Fwp%2Fv2%2Ftags&post=5601"}],"curies":[{"name":"wp","href":"https:\/\/api.w.org\/{rel}","templated":true}]}}