{"id":5648,"date":"2011-06-06T22:00:03","date_gmt":"2011-06-07T02:00:03","guid":{"rendered":"http:\/\/www.yungayino.cl\/noticias\/?p=5648"},"modified":"2011-06-06T22:31:55","modified_gmt":"2011-06-07T02:31:55","slug":"dos-incendios-afectaron-este-fin-de-semana-a-yungay","status":"publish","type":"post","link":"https:\/\/www.yungayino.cl\/noticias\/?p=5648","title":{"rendered":"Dos Incendios Afectaron Este Fin de Semana a Yungay"},"content":{"rendered":"<p><img loading=\"lazy\" decoding=\"async\" src=\"http:\/\/www.yungayino.cl\/imagenes\/incendio20110604.jpg\" alt=\"YUNGAYINO.CL - El Portal de Yungay\" width=\"500\" height=\"200\" \/><\/p>\n<p><span style=\"font-family: arial,helvetica,sans-serif;\"><span style=\"font-size: small;\">Yungay, dos incendios afectaron este fin de semana a la comuna, el primero se registro en la madrugada del d\u00eda domingo a las 04:31 horas en la casa habitaci\u00f3n ubicada en calle Esmeralda de propiedad de la se\u00f1ora Patricia C\u00e1rdenas Sandoval, la cu\u00e1l\u00a0 destruyo un 40% de la techumbre y que fue controlado por el personal bomberil a las 05:24 horas. Posteriormente durante la tarde a las 14:23 horas se dio la alarma por un incendio en la Poblaci\u00f3n Villa Laguna Azul y que destruy\u00f3 una casa habitaci\u00f3n. En ambas situaciones concurri\u00f3 personal de Bomberos, Carabineros y Frontel.<\/span><\/span><\/p>\n","protected":false},"excerpt":{"rendered":"<p>Yungay, dos incendios afectaron este fin de semana a la comuna, el primero se registro en la madrugada del d\u00eda domingo a las 04:31 horas en la casa habitaci\u00f3n ubicada en calle Esmeralda de&#46;&#46;&#46;<\/p>\n","protected":false},"author":2,"featured_media":15610,"comment_status":"open","ping_status":"open","sticky":false,"template":"","format":"standard","meta":{"footnotes":""},"categories":[1],"tags":[37,1115,8,6],"class_list":["post-5648","post","type-post","status-publish","format-standard","has-post-thumbnail","hentry","category-noticias","tag-bomberos","tag-noticias","tag-yungay","tag-yungayino"],"_links":{"self":[{"href":"https:\/\/www.yungayino.cl\/noticias\/index.php?rest_route=\/wp\/v2\/posts\/5648","targetHints":{"allow":["GET"]}}],"collection":[{"href":"https:\/\/www.yungayino.cl\/noticias\/index.php?rest_route=\/wp\/v2\/posts"}],"about":[{"href":"https:\/\/www.yungayino.cl\/noticias\/index.php?rest_route=\/wp\/v2\/types\/post"}],"author":[{"embeddable":true,"href":"https:\/\/www.yungayino.cl\/noticias\/index.php?rest_route=\/wp\/v2\/users\/2"}],"replies":[{"embeddable":true,"href":"https:\/\/www.yungayino.cl\/noticias\/index.php?rest_route=%2Fwp%2Fv2%2Fcomments&post=5648"}],"version-history":[{"count":3,"href":"https:\/\/www.yungayino.cl\/noticias\/index.php?rest_route=\/wp\/v2\/posts\/5648\/revisions"}],"predecessor-version":[{"id":5651,"href":"https:\/\/www.yungayino.cl\/noticias\/index.php?rest_route=\/wp\/v2\/posts\/5648\/revisions\/5651"}],"wp:featuredmedia":[{"embeddable":true,"href":"https:\/\/www.yungayino.cl\/noticias\/index.php?rest_route=\/wp\/v2\/media\/15610"}],"wp:attachment":[{"href":"https:\/\/www.yungayino.cl\/noticias\/index.php?rest_route=%2Fwp%2Fv2%2Fmedia&parent=5648"}],"wp:term":[{"taxonomy":"category","embeddable":true,"href":"https:\/\/www.yungayino.cl\/noticias\/index.php?rest_route=%2Fwp%2Fv2%2Fcategories&post=5648"},{"taxonomy":"post_tag","embeddable":true,"href":"https:\/\/www.yungayino.cl\/noticias\/index.php?rest_route=%2Fwp%2Fv2%2Ftags&post=5648"}],"curies":[{"name":"wp","href":"https:\/\/api.w.org\/{rel}","templated":true}]}}