{"id":5661,"date":"2011-06-08T21:00:29","date_gmt":"2011-06-09T01:00:29","guid":{"rendered":"http:\/\/www.yungayino.cl\/noticias\/?p=5661"},"modified":"2011-06-09T21:47:05","modified_gmt":"2011-06-10T01:47:05","slug":"mujeres-de-ranchillo-bajo-recibieron-implementacion-de-peluqueria","status":"publish","type":"post","link":"https:\/\/www.yungayino.cl\/noticias\/?p=5661","title":{"rendered":"Mujeres de Ranchillo Bajo Recibieron Implementaci\u00f3n de Peluquer\u00eda"},"content":{"rendered":"<p><img loading=\"lazy\" decoding=\"async\" src=\"http:\/\/www.yungayino.cl\/imagenes\/peluqueriaranchillo201105.jpg\" alt=\"YUNGAYINO.CL - El Portal de Yungay\" width=\"500\" height=\"200\" \/><\/p>\n<p><span style=\"font-family: arial,helvetica,sans-serif;\"><span style=\"font-size: small;\">Yungay, un grupo de 19 mujeres de Sector Ranchillo Bajo, recibieron el pasado s\u00e1bado 04 de junio implementaci\u00f3n de peluquer\u00eda como tinturas, delantales, peinetas, pecheras, etc. los cuales podr\u00e1n utilizar para desempe\u00f1arse en el oficio de peluquer\u00eda. Cabe recordar que estas mujeres ya se hab\u00edan certificado en el oficio de peluquer\u00eda gracias al programa para la  Mujer desarrollado por DIDECO, con fondos Municipales. Sin embargo hab\u00eda un compromiso del alcalde Pedro Inostroza para proporcionar estos materiales y este fue cumplido gracias al Programa Autonom\u00eda, Econom\u00eda de la Mujer, tambi\u00e9n con recursos municipales. La entrega fue realizada por la se\u00f1ora Nirma Valenzuela y Lorena Acu\u00f1ada, Jefa de DIDECO, est\u00e1 ultima manifest\u00f3 al Portal Yungayino, que este s\u00e1bado 11 de junio se llevara acabo una reuni\u00f3n en el Sector el Cardal con las vecinas para dar a conocer de la implementaci\u00f3n del Taller de Reposter\u00eda.<\/span><\/span><\/p>\n<p><a href=\"http:\/\/www.facebook.com\/media\/set\/?set=a.232861380062242.79388.159561284058919&amp;saved\"><span style=\"font-family: arial,helvetica,sans-serif;\"><span style=\"font-size: small;\">Fotograf\u00edas<\/span><\/span><\/a><\/p>\n","protected":false},"excerpt":{"rendered":"<p>Yungay, un grupo de 19 mujeres de Sector Ranchillo Bajo, recibieron el pasado s\u00e1bado 04 de junio implementaci\u00f3n de peluquer\u00eda como tinturas, delantales, peinetas, pecheras, etc. los cuales podr\u00e1n utilizar para desempe\u00f1arse en el&#46;&#46;&#46;<\/p>\n","protected":false},"author":2,"featured_media":15612,"comment_status":"open","ping_status":"open","sticky":false,"template":"","format":"standard","meta":{"footnotes":""},"categories":[1],"tags":[334,356,1115,385,8,6],"class_list":["post-5661","post","type-post","status-publish","format-standard","has-post-thumbnail","hentry","category-noticias","tag-dideco","tag-municipalidad","tag-noticias","tag-ranchillo","tag-yungay","tag-yungayino"],"_links":{"self":[{"href":"https:\/\/www.yungayino.cl\/noticias\/index.php?rest_route=\/wp\/v2\/posts\/5661","targetHints":{"allow":["GET"]}}],"collection":[{"href":"https:\/\/www.yungayino.cl\/noticias\/index.php?rest_route=\/wp\/v2\/posts"}],"about":[{"href":"https:\/\/www.yungayino.cl\/noticias\/index.php?rest_route=\/wp\/v2\/types\/post"}],"author":[{"embeddable":true,"href":"https:\/\/www.yungayino.cl\/noticias\/index.php?rest_route=\/wp\/v2\/users\/2"}],"replies":[{"embeddable":true,"href":"https:\/\/www.yungayino.cl\/noticias\/index.php?rest_route=%2Fwp%2Fv2%2Fcomments&post=5661"}],"version-history":[{"count":2,"href":"https:\/\/www.yungayino.cl\/noticias\/index.php?rest_route=\/wp\/v2\/posts\/5661\/revisions"}],"predecessor-version":[{"id":5663,"href":"https:\/\/www.yungayino.cl\/noticias\/index.php?rest_route=\/wp\/v2\/posts\/5661\/revisions\/5663"}],"wp:featuredmedia":[{"embeddable":true,"href":"https:\/\/www.yungayino.cl\/noticias\/index.php?rest_route=\/wp\/v2\/media\/15612"}],"wp:attachment":[{"href":"https:\/\/www.yungayino.cl\/noticias\/index.php?rest_route=%2Fwp%2Fv2%2Fmedia&parent=5661"}],"wp:term":[{"taxonomy":"category","embeddable":true,"href":"https:\/\/www.yungayino.cl\/noticias\/index.php?rest_route=%2Fwp%2Fv2%2Fcategories&post=5661"},{"taxonomy":"post_tag","embeddable":true,"href":"https:\/\/www.yungayino.cl\/noticias\/index.php?rest_route=%2Fwp%2Fv2%2Ftags&post=5661"}],"curies":[{"name":"wp","href":"https:\/\/api.w.org\/{rel}","templated":true}]}}