{"id":5664,"date":"2011-06-09T22:46:41","date_gmt":"2011-06-10T02:46:41","guid":{"rendered":"http:\/\/www.yungayino.cl\/noticias\/?p=5664"},"modified":"2011-06-09T22:56:17","modified_gmt":"2011-06-10T02:56:17","slug":"programa-aniversario-cincuentenario-cuerpo-de-bomberos-de-yungay","status":"publish","type":"post","link":"https:\/\/www.yungayino.cl\/noticias\/?p=5664","title":{"rendered":"Programa Aniversario Cincuentenario Cuerpo de Bomberos de Yungay"},"content":{"rendered":"<p><img loading=\"lazy\" decoding=\"async\" src=\"http:\/\/www.yungayino.cl\/imagenes\/pinturabomberos.jpg\" alt=\"YUNGAYINO.CL - El Portal de Yungay\" width=\"500\" height=\"200\" \/><\/p>\n<p><span style=\"font-family: arial,helvetica,sans-serif;\"><span style=\"font-size: small;\">Para celebrar sus 50 a\u00f1os de vida, el Cuerpo de Bomberos de Yungay ha organizado una serie de actividades que se desarrollaran entre el 12 y 19 de junio de 2011. Por ello invitan a los\u00a0habitantes de Yungay y sus alrededores a participar y acompa\u00f1ar a Bomberos en\u00a0cada jornada que han planificado. Tambi\u00e9n han considerado oportuno destacar la Ceremonia de Aniversario del Cuerpo de Bomberos de Yungay que\u00a0se llevar\u00e1 a cabo\u00a0el s\u00e1bado 18 de junio a las 19:00 horas en el Sal\u00f3n Comunitario Multiuso, donde se har\u00e1 entrega de los premios del \u00abPrimer Concurso Comunal de Pintura de Bomberos de Yungay\u00bb. Dicha ceremonia de aniversario\u00a0ser\u00e1 transmitida on-line en el sitio web <strong>www.bomberosyungay.cl<\/strong><\/span><\/span><\/p>\n<p><span style=\"font-family: arial,helvetica,sans-serif;\"><span style=\"font-size: small;\"> <\/span><\/span><\/p>\n<p><span style=\"font-family: arial,helvetica,sans-serif;\"><span style=\"font-size: small;\"> <\/span><\/span><\/p>\n<p><span style=\"font-family: arial,helvetica,sans-serif;\"><span style=\"font-size: small;\"> <\/span><\/span><\/p>\n<p><span style=\"font-family: arial,helvetica,sans-serif;\"><span style=\"font-size: small;\"><strong>Domingo 12 Junio: <\/strong>11\u00b0\u00b0 horas<strong> <\/strong>Misa, Colegio Divina Pastora.<\/span><\/span><\/p>\n<p><span style=\"font-family: arial,helvetica,sans-serif;\"><span style=\"font-size: small;\"> <\/span><\/span><\/p>\n<p><span style=\"font-family: arial,helvetica,sans-serif;\"><span style=\"font-size: small;\"><strong>Lunes 13 Junio: <\/strong>23\u00b0\u00b0 horas Vigilia, Cuartel Central y posterior visita a la 1\u00b0 Compa\u00f1\u00eda de Bomberos de Cholgu\u00e1n.<\/span><\/span><\/p>\n<p><span style=\"font-family: arial,helvetica,sans-serif;\"><span style=\"font-size: small;\"> <\/span><\/span><\/p>\n<p><span style=\"font-family: arial,helvetica,sans-serif;\"><span style=\"font-size: small;\"><strong>Martes 14 Junio: <\/strong>00\u00b0\u00b0\u00a0horas Toque de Sirena en Yungay, Cholgu\u00e1n y Campanario por Cincuentenario de la 1\u00ba Compa\u00f1\u00eda\u00a0y Cuerpo de Bomberos. <\/span><\/span><\/p>\n<p><span style=\"font-family: arial,helvetica,sans-serif;\"><span style=\"font-size: small;\"> <\/span><\/span><\/p>\n<p><span style=\"font-family: arial,helvetica,sans-serif;\"><span style=\"font-size: small;\"> 18\u00b0\u00b0 horas Misa, Capilla Inmaculada Concepci\u00f3n, Cholgu\u00e1n. <\/span><\/span><\/p>\n<p><span style=\"font-family: arial,helvetica,sans-serif;\"><span style=\"font-size: small;\"> 19\u00b0\u00b0 horas Ceremonia de\u00a0Aniversario 1\u00b0 Compa\u00f1\u00eda de Bomberos,\u00a0Cholgu\u00e1n.<\/span><\/span><\/p>\n<p><span style=\"font-family: arial,helvetica,sans-serif;\"><span style=\"font-size: small;\"> <\/span><\/span><\/p>\n<p><span style=\"font-family: arial,helvetica,sans-serif;\"><span style=\"font-size: small;\"><strong>Mi\u00e9rcoles 15 Junio: <\/strong>14\u00b0\u00b0 \u2013 18\u00b0\u00b0 horas: Visita de la comunidad al Cuartel Central.<\/span><\/span><\/p>\n<p><span style=\"font-family: arial,helvetica,sans-serif;\"><span style=\"font-size: small;\"> <\/span><\/span><\/p>\n<p><span style=\"font-family: arial,helvetica,sans-serif;\"><span style=\"font-size: small;\"><strong>Jueves 16 Junio: <\/strong>14\u00b0\u00b0 \u2013 17\u00b0\u00b0 horas: Muestra de pintura y fotograf\u00eda en Plaza de\u00a0Armas de Yungay.<\/span><\/span><\/p>\n<p><span style=\"font-family: arial,helvetica,sans-serif;\"><span style=\"font-size: small;\"> <\/span><\/span><\/p>\n<p><span style=\"font-family: arial,helvetica,sans-serif;\"><span style=\"font-size: small;\"><strong>Viernes 17 Junio: <\/strong>14\u00b0\u00b0 \u2013 17\u00b0\u00b0 horas Muestra de equipamiento antiguo y actual de nuestro Cuerpo de Bomberos en Plaza de Armas de Yungay.<\/span><\/span><\/p>\n<p><span style=\"font-family: arial,helvetica,sans-serif;\"><span style=\"font-size: small;\"> <\/span><\/span><\/p>\n<p><span style=\"font-family: arial,helvetica,sans-serif;\"><span style=\"font-size: small;\"><strong>S\u00e1bado 18 Junio: <\/strong>19\u00b0\u00b0 horas\u00a0Ceremonia Cincuentenario Cuerpo de Bomberos de Yungay, Sal\u00f3n Comunitario Multiuso. Premiaci\u00f3n del Primer Concurso Comunal de Pintura. Se realizar\u00e1 transmisi\u00f3n on-line en sitio Web <a href=\"http:\/\/www.bomberosyungay.cl\/\">www.bomberosyungay.cl<\/a><\/span><\/span><\/p>\n<p><span style=\"font-family: arial,helvetica,sans-serif;\"><span style=\"font-size: small;\"> <\/span><\/span><\/p>\n<p><span style=\"font-family: arial,helvetica,sans-serif;\"><span style=\"font-size: small;\"><strong>Domingo 19 Junio: <\/strong>15\u00b0\u00b0 horas Ejercicios bomberiles Plaza de Armas de Yungay,\u00a0Calle Chorrillos, entre Arturo Prat y Esmeralda.<\/span><\/span><\/p>\n","protected":false},"excerpt":{"rendered":"<p>Para celebrar sus 50 a\u00f1os de vida, el Cuerpo de Bomberos de Yungay ha organizado una serie de actividades que se desarrollaran entre el 12 y 19 de junio de 2011. Por ello invitan&#46;&#46;&#46;<\/p>\n","protected":false},"author":2,"featured_media":15613,"comment_status":"open","ping_status":"open","sticky":false,"template":"","format":"standard","meta":{"footnotes":""},"categories":[1],"tags":[37,1115,8,6],"class_list":["post-5664","post","type-post","status-publish","format-standard","has-post-thumbnail","hentry","category-noticias","tag-bomberos","tag-noticias","tag-yungay","tag-yungayino"],"_links":{"self":[{"href":"https:\/\/www.yungayino.cl\/noticias\/index.php?rest_route=\/wp\/v2\/posts\/5664","targetHints":{"allow":["GET"]}}],"collection":[{"href":"https:\/\/www.yungayino.cl\/noticias\/index.php?rest_route=\/wp\/v2\/posts"}],"about":[{"href":"https:\/\/www.yungayino.cl\/noticias\/index.php?rest_route=\/wp\/v2\/types\/post"}],"author":[{"embeddable":true,"href":"https:\/\/www.yungayino.cl\/noticias\/index.php?rest_route=\/wp\/v2\/users\/2"}],"replies":[{"embeddable":true,"href":"https:\/\/www.yungayino.cl\/noticias\/index.php?rest_route=%2Fwp%2Fv2%2Fcomments&post=5664"}],"version-history":[{"count":8,"href":"https:\/\/www.yungayino.cl\/noticias\/index.php?rest_route=\/wp\/v2\/posts\/5664\/revisions"}],"predecessor-version":[{"id":5667,"href":"https:\/\/www.yungayino.cl\/noticias\/index.php?rest_route=\/wp\/v2\/posts\/5664\/revisions\/5667"}],"wp:featuredmedia":[{"embeddable":true,"href":"https:\/\/www.yungayino.cl\/noticias\/index.php?rest_route=\/wp\/v2\/media\/15613"}],"wp:attachment":[{"href":"https:\/\/www.yungayino.cl\/noticias\/index.php?rest_route=%2Fwp%2Fv2%2Fmedia&parent=5664"}],"wp:term":[{"taxonomy":"category","embeddable":true,"href":"https:\/\/www.yungayino.cl\/noticias\/index.php?rest_route=%2Fwp%2Fv2%2Fcategories&post=5664"},{"taxonomy":"post_tag","embeddable":true,"href":"https:\/\/www.yungayino.cl\/noticias\/index.php?rest_route=%2Fwp%2Fv2%2Ftags&post=5664"}],"curies":[{"name":"wp","href":"https:\/\/api.w.org\/{rel}","templated":true}]}}