{"id":5718,"date":"2011-06-13T20:00:15","date_gmt":"2011-06-14T00:00:15","guid":{"rendered":"http:\/\/www.yungayino.cl\/noticias\/?p=5718"},"modified":"2011-06-14T00:01:21","modified_gmt":"2011-06-14T04:01:21","slug":"alcalde-de-pemuco-asume-presidencia-del-territorio-laja-diguillin","status":"publish","type":"post","link":"https:\/\/www.yungayino.cl\/noticias\/?p=5718","title":{"rendered":"Alcalde de Pemuco Asume Presidencia del Territorio Laja Diguill\u00edn"},"content":{"rendered":"<p><img loading=\"lazy\" decoding=\"async\" src=\"http:\/\/www.yungayino.cl\/imagenes\/pemuco20110613.jpg\" alt=\"YUNGAYINO.CL - El Portal de Yungay\" width=\"500\" height=\"200\" \/><\/p>\n<p align=2justify\"><font size=\"2\">Pemuco lunes 13 de junio en la Biblioteca Municipal se llevo a cabo la ceremonia de traspaso de mando de Presidente del Territorio Laja-Digullin la cu\u00e1l ser\u00e1 presidida por el alcalde de la comuna de Pemuco Julio Mu\u00f1oz. A la asunci\u00f3n asistieron los alcaldes de las comunas de Yungay Pedro Inostroza, San Ignacio Wilson Olivares, Pinto Fernando Ch\u00e1vez y Bulnes Rodrigo de la Puente, adem\u00e1s de la Sra. Ana Montecinos en representaci\u00f3n del Gobernador Provincial de \u00d1uble, m\u00e1s los concejales y funcionarios municipales de la vecina comuna. En la ocasi\u00f3n el alcalde Julio Mu\u00f1oz manifest\u00f3 sus agradecimientos por la asignaci\u00f3n y llamo a las dem\u00e1s autoridades comunales a trabajar unidos y as\u00ed retomar proyectos como mejoramientos de rutas y puentes, confecci\u00f3n de multicanchas y el manejo de los residuos s\u00f3lidos.<br \/>\n<a href=\"http:\/\/www.facebook.com\/media\/set\/?set=a.233984033283310.79811.159561284058919\">Fotograf\u00edas<\/a><br \/>\n<\/br><br \/>\n<object width=\"425\" height=\"344\"><param name=\"movie\" value=\"http:\/\/www.youtube.com\/v\/isr48cZJV6o?hl=es&#038;rel=0&#038;egm=0&#038;fs=1\"><\/param><param name=\"allowFullScreen\" value=\"true\"><\/param><param name=\"allowscriptaccess\" value=\"always\"><\/param><embed src=\"http:\/\/www.youtube.com\/v\/isr48cZJV6o?hl=es&#038;rel=0&#038;egm=0&#038;fs=1\" type=\"application\/x-shockwave-flash\" allowscriptaccess=\"always\" allowfullscreen=\"true\" width=\"425\" height=\"344\"><\/embed><\/object><\/a><\/font><\/p>\n","protected":false},"excerpt":{"rendered":"","protected":false},"author":2,"featured_media":15621,"comment_status":"open","ping_status":"open","sticky":false,"template":"","format":"standard","meta":{"footnotes":""},"categories":[1],"tags":[389,1115,30,8,6],"class_list":["post-5718","post","type-post","status-publish","format-standard","has-post-thumbnail","hentry","category-noticias","tag-laja-diguillin","tag-noticias","tag-pemuco","tag-yungay","tag-yungayino"],"_links":{"self":[{"href":"https:\/\/www.yungayino.cl\/noticias\/index.php?rest_route=\/wp\/v2\/posts\/5718","targetHints":{"allow":["GET"]}}],"collection":[{"href":"https:\/\/www.yungayino.cl\/noticias\/index.php?rest_route=\/wp\/v2\/posts"}],"about":[{"href":"https:\/\/www.yungayino.cl\/noticias\/index.php?rest_route=\/wp\/v2\/types\/post"}],"author":[{"embeddable":true,"href":"https:\/\/www.yungayino.cl\/noticias\/index.php?rest_route=\/wp\/v2\/users\/2"}],"replies":[{"embeddable":true,"href":"https:\/\/www.yungayino.cl\/noticias\/index.php?rest_route=%2Fwp%2Fv2%2Fcomments&post=5718"}],"version-history":[{"count":6,"href":"https:\/\/www.yungayino.cl\/noticias\/index.php?rest_route=\/wp\/v2\/posts\/5718\/revisions"}],"predecessor-version":[{"id":5724,"href":"https:\/\/www.yungayino.cl\/noticias\/index.php?rest_route=\/wp\/v2\/posts\/5718\/revisions\/5724"}],"wp:featuredmedia":[{"embeddable":true,"href":"https:\/\/www.yungayino.cl\/noticias\/index.php?rest_route=\/wp\/v2\/media\/15621"}],"wp:attachment":[{"href":"https:\/\/www.yungayino.cl\/noticias\/index.php?rest_route=%2Fwp%2Fv2%2Fmedia&parent=5718"}],"wp:term":[{"taxonomy":"category","embeddable":true,"href":"https:\/\/www.yungayino.cl\/noticias\/index.php?rest_route=%2Fwp%2Fv2%2Fcategories&post=5718"},{"taxonomy":"post_tag","embeddable":true,"href":"https:\/\/www.yungayino.cl\/noticias\/index.php?rest_route=%2Fwp%2Fv2%2Ftags&post=5718"}],"curies":[{"name":"wp","href":"https:\/\/api.w.org\/{rel}","templated":true}]}}