{"id":5754,"date":"2011-06-14T13:00:35","date_gmt":"2011-06-14T17:00:35","guid":{"rendered":"http:\/\/www.yungayino.cl\/noticias\/?p=5754"},"modified":"2011-06-17T19:57:56","modified_gmt":"2011-06-17T23:57:56","slug":"paneles-arauco-inicio-programa-de-formacion-ejecutiva-junto-a-la-universidad-de-chile","status":"publish","type":"post","link":"https:\/\/www.yungayino.cl\/noticias\/?p=5754","title":{"rendered":"Paneles Arauco inici\u00f3 Programa de Formaci\u00f3n Ejecutiva junto a la Universidad de Chile"},"content":{"rendered":"<p><img loading=\"lazy\" decoding=\"async\" src=\"http:\/\/www.yungayino.cl\/imagenes\/logoarauco.jpg\" alt=\"YUNGAYINO.CL - El Portal de Yungay\" width=\"500\" height=\"200\" \/><\/p>\n<p><span style=\"font-size: small;\"><span style=\"font-family: arial,helvetica,sans-serif;\">Con la asistencia de los m\u00e1ximos ejecutivos de Paneles ARAUCO, el pasado martes 14 de junio se lanz\u00f3 la segunda fase del Programa de Empowerment de esta \u00e1rea de negocios de la compa\u00f1\u00eda. En esta ocasi\u00f3n, se inici\u00f3 el Programa de Formaci\u00f3n Ejecutiva, en el cual se destaca dentro de sus tres pilares de formaci\u00f3n, el de formaci\u00f3n global, correspondiente al Diploma \u201cGesti\u00f3n de Empresas para Ejecutivos de Arauco Paneles\u201d.<strong> <\/strong>Este programa ser\u00e1 desarrollado por la Universidad de Chile y est\u00e1 dirigido a los Gerentes y Subgerentes de las plantas de Paneles. Es preciso destacar que la primera fase de este Programa de Empowerment comenz\u00f3 en el mes de marzo y correspondi\u00f3 al Programa de Formaci\u00f3n de Lideres de Planta, mediante el cual se est\u00e1n capacitando 140 trabajadores de las plantas de Paneles de Arauco, Nueva Aldea y Trupan Cholgu\u00e1n.<\/span><\/span><\/p>\n<p><span style=\"font-size: small;\"><a href=\"http:\/\/www.yungayino.cl\/imagenes\/comunicado20110614.doc\"><span style=\"font-family: arial,helvetica,sans-serif;\">M\u00e1s Informaci\u00f3n<\/span><\/a><\/span><\/p>\n<p><span style=\"font-size: small;\"><a href=\"http:\/\/www.facebook.com\/media\/set\/?set=a.234753426539704.80062.159561284058919&amp;saved\"><span style=\"font-family: arial,helvetica,sans-serif;\"><span style=\"font-family: arial,helvetica,sans-serif;\">Fotograf\u00edas<\/span><\/span><\/a><\/span><\/p>\n","protected":false},"excerpt":{"rendered":"<p>Con la asistencia de los m\u00e1ximos ejecutivos de Paneles ARAUCO, el pasado martes 14 de junio se lanz\u00f3 la segunda fase del Programa de Empowerment de esta \u00e1rea de negocios de la compa\u00f1\u00eda. En&#46;&#46;&#46;<\/p>\n","protected":false},"author":2,"featured_media":15626,"comment_status":"open","ping_status":"open","sticky":false,"template":"","format":"standard","meta":{"footnotes":""},"categories":[1],"tags":[350,1115,8,6],"class_list":["post-5754","post","type-post","status-publish","format-standard","has-post-thumbnail","hentry","category-noticias","tag-arauco","tag-noticias","tag-yungay","tag-yungayino"],"_links":{"self":[{"href":"https:\/\/www.yungayino.cl\/noticias\/index.php?rest_route=\/wp\/v2\/posts\/5754","targetHints":{"allow":["GET"]}}],"collection":[{"href":"https:\/\/www.yungayino.cl\/noticias\/index.php?rest_route=\/wp\/v2\/posts"}],"about":[{"href":"https:\/\/www.yungayino.cl\/noticias\/index.php?rest_route=\/wp\/v2\/types\/post"}],"author":[{"embeddable":true,"href":"https:\/\/www.yungayino.cl\/noticias\/index.php?rest_route=\/wp\/v2\/users\/2"}],"replies":[{"embeddable":true,"href":"https:\/\/www.yungayino.cl\/noticias\/index.php?rest_route=%2Fwp%2Fv2%2Fcomments&post=5754"}],"version-history":[{"count":5,"href":"https:\/\/www.yungayino.cl\/noticias\/index.php?rest_route=\/wp\/v2\/posts\/5754\/revisions"}],"predecessor-version":[{"id":5768,"href":"https:\/\/www.yungayino.cl\/noticias\/index.php?rest_route=\/wp\/v2\/posts\/5754\/revisions\/5768"}],"wp:featuredmedia":[{"embeddable":true,"href":"https:\/\/www.yungayino.cl\/noticias\/index.php?rest_route=\/wp\/v2\/media\/15626"}],"wp:attachment":[{"href":"https:\/\/www.yungayino.cl\/noticias\/index.php?rest_route=%2Fwp%2Fv2%2Fmedia&parent=5754"}],"wp:term":[{"taxonomy":"category","embeddable":true,"href":"https:\/\/www.yungayino.cl\/noticias\/index.php?rest_route=%2Fwp%2Fv2%2Fcategories&post=5754"},{"taxonomy":"post_tag","embeddable":true,"href":"https:\/\/www.yungayino.cl\/noticias\/index.php?rest_route=%2Fwp%2Fv2%2Ftags&post=5754"}],"curies":[{"name":"wp","href":"https:\/\/api.w.org\/{rel}","templated":true}]}}