{"id":5779,"date":"2011-06-22T12:00:17","date_gmt":"2011-06-22T16:00:17","guid":{"rendered":"http:\/\/www.yungayino.cl\/noticias\/?p=5779"},"modified":"2011-06-22T12:43:06","modified_gmt":"2011-06-22T16:43:06","slug":"carabineros-desalojan-a-alumnos-de-la-comuna-de-el-carmen","status":"publish","type":"post","link":"https:\/\/www.yungayino.cl\/noticias\/?p=5779","title":{"rendered":"Carabineros Desalojan a Alumnos de la Comuna de El Carmen"},"content":{"rendered":"<p><img loading=\"lazy\" decoding=\"async\" src=\"http:\/\/www.yungayino.cl\/imagenes\/desalojoalumnos20110622.jpg\" alt=\"YUNGAYINO.CL - El Portal de Yungay\" width=\"500\" height=\"200\" \/><\/p>\n<p><span style=\"font-family: arial,helvetica,sans-serif;\"><span style=\"font-size: small;\">Personal de Carabineros de la comuna vecina El Carmen en conjunto con el personal de sus destacamentos dependientes de la Cuarta Comisar\u00eda de Carabineros Yungay, mas el apoyo de funcionarios del piquete de reacci\u00f3n de la Prefectura \u00d1uble N\u00ba 17 Chill\u00e1n, todos estos al mando del Teniente Coronel Sr. Leonardo Galaz Opitz\u00a0 Subprefecto de los servicios de esta repartici\u00f3n, a ra\u00edz de una solicitud y antecedentes emitidos por el alcalde de la comuna, don Juan D\u00edaz Gonz\u00e1lez, se procedi\u00f3 el d\u00eda mi\u00e9rcoles 22 de junio a las 06:30 horas, a realizar el desalojo del Liceo Juvenal Hern\u00e1ndez Jaque, en atenci\u00f3n que este se encontraba en toma por alumnos del mismo establecimiento desde el martes 21 del actual mes, resultando en este procedimiento la detenci\u00f3n de 21\u00a0alumnos entre los cuales hab\u00edan dos mayores de edad. Carabineros pese de haber dialogado con anticipaci\u00f3n con los alumnos para lograr su retiro voluntario del establecimiento, se negaron al abandono, por lo cual se opto por el ingreso a dicho liceo previa solicitud y petici\u00f3n del se\u00f1or alcalde de esta comuna, logrando reestablecer el funcionamiento de dicho Liceo en toma sin producirse da\u00f1os ni lesionados tanto alumnos como Carabineros. Los j\u00f3venes movilizados ten\u00edan edades entre los 15 y 18 a\u00f1os respectivamente. Los detenidos fueron trasladados posteriormente al hospital de El Carmen donde el medico les diagnostico sin lesiones, conduci\u00e9ndolos a la tenencia de Carabineros de El Carmen para continuar con el procedimiento. Posteriormente por instrucci\u00f3n verbal del Fiscal Don Mario Lobos Ortiz de la Fiscal\u00eda local de Yungay, previa comprobaci\u00f3n de sus domicilios fueron puestos en libertad y entregados a sus padres bajo acta respectiva, quedando en espera de citaci\u00f3n por parte de esa Fiscal\u00eda.<\/span><\/span><\/p>\n<p><a href=\"http:\/\/www.facebook.com\/media\/set\/?set=a.244449762236737.80699.159561284058919&amp;saved\"><span style=\"font-family: arial,helvetica,sans-serif;\"><span style=\"font-size: small;\">Fotograf\u00edas<\/span><\/span><\/a><\/p>\n","protected":false},"excerpt":{"rendered":"<p>Personal de Carabineros de la comuna vecina El Carmen en conjunto con el personal de sus destacamentos dependientes de la Cuarta Comisar\u00eda de Carabineros Yungay, mas el apoyo de funcionarios del piquete de reacci\u00f3n&#46;&#46;&#46;<\/p>\n","protected":false},"author":2,"featured_media":15628,"comment_status":"open","ping_status":"open","sticky":false,"template":"","format":"standard","meta":{"footnotes":""},"categories":[1],"tags":[25,392,1115,8,6],"class_list":["post-5779","post","type-post","status-publish","format-standard","has-post-thumbnail","hentry","category-noticias","tag-carabineros","tag-el-camen","tag-noticias","tag-yungay","tag-yungayino"],"_links":{"self":[{"href":"https:\/\/www.yungayino.cl\/noticias\/index.php?rest_route=\/wp\/v2\/posts\/5779","targetHints":{"allow":["GET"]}}],"collection":[{"href":"https:\/\/www.yungayino.cl\/noticias\/index.php?rest_route=\/wp\/v2\/posts"}],"about":[{"href":"https:\/\/www.yungayino.cl\/noticias\/index.php?rest_route=\/wp\/v2\/types\/post"}],"author":[{"embeddable":true,"href":"https:\/\/www.yungayino.cl\/noticias\/index.php?rest_route=\/wp\/v2\/users\/2"}],"replies":[{"embeddable":true,"href":"https:\/\/www.yungayino.cl\/noticias\/index.php?rest_route=%2Fwp%2Fv2%2Fcomments&post=5779"}],"version-history":[{"count":3,"href":"https:\/\/www.yungayino.cl\/noticias\/index.php?rest_route=\/wp\/v2\/posts\/5779\/revisions"}],"predecessor-version":[{"id":5782,"href":"https:\/\/www.yungayino.cl\/noticias\/index.php?rest_route=\/wp\/v2\/posts\/5779\/revisions\/5782"}],"wp:featuredmedia":[{"embeddable":true,"href":"https:\/\/www.yungayino.cl\/noticias\/index.php?rest_route=\/wp\/v2\/media\/15628"}],"wp:attachment":[{"href":"https:\/\/www.yungayino.cl\/noticias\/index.php?rest_route=%2Fwp%2Fv2%2Fmedia&parent=5779"}],"wp:term":[{"taxonomy":"category","embeddable":true,"href":"https:\/\/www.yungayino.cl\/noticias\/index.php?rest_route=%2Fwp%2Fv2%2Fcategories&post=5779"},{"taxonomy":"post_tag","embeddable":true,"href":"https:\/\/www.yungayino.cl\/noticias\/index.php?rest_route=%2Fwp%2Fv2%2Ftags&post=5779"}],"curies":[{"name":"wp","href":"https:\/\/api.w.org\/{rel}","templated":true}]}}