{"id":5813,"date":"2011-07-03T15:00:58","date_gmt":"2011-07-03T19:00:58","guid":{"rendered":"http:\/\/www.yungayino.cl\/noticias\/?p=5813"},"modified":"2011-07-04T15:39:54","modified_gmt":"2011-07-04T19:39:54","slug":"realizaron-encuentro-de-kayak-y-rafting-en-rio-cholguan","status":"publish","type":"post","link":"https:\/\/www.yungayino.cl\/noticias\/?p=5813","title":{"rendered":"Realizaron Encuentro de Kayak y Rafting en R\u00edo Cholgu\u00e1n"},"content":{"rendered":"<p><img decoding=\"async\" src=\"http:\/\/www.yungayino.cl\/imagenes\/kayak20110702.jpg\" alt=\"YUNGAYINO.CL - El Portal de Yungay\" \/><\/p>\n<p><span style=\"font-family: arial,helvetica,sans-serif;\"><span style=\"font-size: small;\">Yungay, el pasado s\u00e1bado 02 de julio se llevo a cabo un encuentro de Kayak y Rafting en el R\u00edo Cholgu\u00e1n, espec\u00edficamente en el \u00a0imponente Valle de las vacas, el cu\u00e1l se sit\u00faa en el sector precordillerano a 30  Km. de Yungay. Dicho encuentro se enmarca dentro de las actividades realizadas por la Agrupaci\u00f3n de Defensa y Conservaci\u00f3n de la Flora y Fauna del Valle Templado de Yungay, quienes en la ocasi\u00f3n se manifestaron a la construcci\u00f3n de centrales de pasadas que se pretenden instalar en el R\u00edo Cholgu\u00e1n y que abarcan territorios de la Comuna de Yungay y Tucapel. Los participantes y p\u00fablico pudieron adem\u00e1s disfrutar de los destacados parajes \u00fanicos, rodeado de flora y fauna nativa y del R\u00edo Cholgu\u00e1n de cristalinas aguas. Finalmente el encuentro culmino con un gran asado campestre. Fotograf\u00edas gentileza \u00a0Gerardo Luarte.<\/span><\/span><\/p>\n<p><a href=\"http:\/\/www.facebook.com\/media\/set\/?set=a.249047635110283.82121.159561284058919&amp;saved\"><span style=\"font-family: arial,helvetica,sans-serif;\"><span style=\"font-size: small;\">Fotograf\u00edas<\/span><\/span><\/a><\/p>\n","protected":false},"excerpt":{"rendered":"<p>Yungay, el pasado s\u00e1bado 02 de julio se llevo a cabo un encuentro de Kayak y Rafting en el R\u00edo Cholgu\u00e1n, espec\u00edficamente en el \u00a0imponente Valle de las vacas, el cu\u00e1l se sit\u00faa en&#46;&#46;&#46;<\/p>\n","protected":false},"author":2,"featured_media":15637,"comment_status":"open","ping_status":"open","sticky":false,"template":"","format":"standard","meta":{"footnotes":""},"categories":[1],"tags":[1115,8,6],"class_list":["post-5813","post","type-post","status-publish","format-standard","has-post-thumbnail","hentry","category-noticias","tag-noticias","tag-yungay","tag-yungayino"],"_links":{"self":[{"href":"https:\/\/www.yungayino.cl\/noticias\/index.php?rest_route=\/wp\/v2\/posts\/5813","targetHints":{"allow":["GET"]}}],"collection":[{"href":"https:\/\/www.yungayino.cl\/noticias\/index.php?rest_route=\/wp\/v2\/posts"}],"about":[{"href":"https:\/\/www.yungayino.cl\/noticias\/index.php?rest_route=\/wp\/v2\/types\/post"}],"author":[{"embeddable":true,"href":"https:\/\/www.yungayino.cl\/noticias\/index.php?rest_route=\/wp\/v2\/users\/2"}],"replies":[{"embeddable":true,"href":"https:\/\/www.yungayino.cl\/noticias\/index.php?rest_route=%2Fwp%2Fv2%2Fcomments&post=5813"}],"version-history":[{"count":4,"href":"https:\/\/www.yungayino.cl\/noticias\/index.php?rest_route=\/wp\/v2\/posts\/5813\/revisions"}],"predecessor-version":[{"id":5817,"href":"https:\/\/www.yungayino.cl\/noticias\/index.php?rest_route=\/wp\/v2\/posts\/5813\/revisions\/5817"}],"wp:featuredmedia":[{"embeddable":true,"href":"https:\/\/www.yungayino.cl\/noticias\/index.php?rest_route=\/wp\/v2\/media\/15637"}],"wp:attachment":[{"href":"https:\/\/www.yungayino.cl\/noticias\/index.php?rest_route=%2Fwp%2Fv2%2Fmedia&parent=5813"}],"wp:term":[{"taxonomy":"category","embeddable":true,"href":"https:\/\/www.yungayino.cl\/noticias\/index.php?rest_route=%2Fwp%2Fv2%2Fcategories&post=5813"},{"taxonomy":"post_tag","embeddable":true,"href":"https:\/\/www.yungayino.cl\/noticias\/index.php?rest_route=%2Fwp%2Fv2%2Ftags&post=5813"}],"curies":[{"name":"wp","href":"https:\/\/api.w.org\/{rel}","templated":true}]}}