{"id":5883,"date":"2011-07-15T13:00:31","date_gmt":"2011-07-15T17:00:31","guid":{"rendered":"http:\/\/www.yungayino.cl\/noticias\/?p=5883"},"modified":"2011-07-15T13:39:23","modified_gmt":"2011-07-15T17:39:23","slug":"gobernacion-desarrollo-charlas-sobre-riesgos-del-volcan-chillan","status":"publish","type":"post","link":"https:\/\/www.yungayino.cl\/noticias\/?p=5883","title":{"rendered":"Gobernaci\u00f3n Desarrollo Charlas Sobre Riesgos del Volc\u00e1n Chill\u00e1n"},"content":{"rendered":"<p><img loading=\"lazy\" decoding=\"async\" src=\"http:\/\/www.yungayino.cl\/imagenes\/volcanchillan20110714.jpg\" alt=\"YUNGAYINO.CL - El Portal de Yungay\" width=\"500\" height=\"200\" \/><\/p>\n<p><span style=\"font-family: arial,helvetica,sans-serif;\"><span style=\"font-size: small;\">Producto de las \u00faltimas erupciones volc\u00e1nicas registradas en nuestro pa\u00eds, la del Chait\u00e9n y el Cord\u00f3n Caulle, han alertado a los vecinos de \u00d1uble sobre la posibilidad de que el volc\u00e1n Chill\u00e1n salga de su letargo y ponga en peligro a las diversas comunas que se desarrollan en sus faldas. Por ello la Gobernaci\u00f3n Provincial realiz\u00f3 \u00a0una charla a cargo del destacado ge\u00f3logo y Doctor en Ciencias, Luis Lara Pulgar, quien en el hall de la casa provincial y ante la totalidad de representantes del COE y los 21 delegados comunales de emergencia, entreg\u00f3 los detalles t\u00e9cnicos del comportamiento de nuestro macizo durante los \u00faltimos 650 mil a\u00f1os. Luis Lara despej\u00f3 dudas y entreg\u00f3 nuevos datos del Chill\u00e1n, el que posee trece cr\u00e1teres en un per\u00edmetro que comprende terrenos pertenecientes a las comunas de San Fabi\u00e1n, Coihueco y Pinto. El Volc\u00e1n, muy contrario a lo que se cree, est\u00e1 activo y a lo largo de su historia a mostrado varias erupciones, la \u00faltima de ellas el 2003, aunque fue de menor cuant\u00eda y s\u00f3lo dur\u00f3 algunas horas. Los asistentes a la charla tomaron nota de lo expuesto por el experto y valoraron la informaci\u00f3n, gracias a la cual se podr\u00e1 modernizar el protocolo de emergencia que se maneja en una eventual erupci\u00f3n del m\u00e1s imponente de los cuatro volcanes de la regi\u00f3n del B\u00edo B\u00edo. El Gobernador Dur\u00e1n destac\u00f3 lo valioso de la charla e hizo un llamado a la comunidad de \u00d1uble a estar tranquila ante cualquier emergencia: \u201cLamentablemente no podemos anticipar con mucho tiempo un evento de esta naturaleza, pero s\u00ed gracias a la informaci\u00f3n que hoy nos han entregado podemos dise\u00f1ar planes de acci\u00f3n y evacuaci\u00f3n para nuestros vecinos que viven m\u00e1s cerca de nuestro volc\u00e1n\u2026 el llamado es a estar tranquilos, porque el Gobierno est\u00e1 atento ante cualquier situaci\u00f3n para seguridad de los vecinos\u201d. El Programa de riesgo volc\u00e1nico del Sernageom\u00edn cuyo director es el Doctor Lara se mantiene monitoreando los 95 volcanes continentales activos del pa\u00eds y su trabajo permiti\u00f3 anticipar en varias horas la inminente erupci\u00f3n del Cord\u00f3n Caulle semanas atr\u00e1s, informaci\u00f3n que result\u00f3 valios\u00edsima para la evacuaci\u00f3n de las comunidades aleda\u00f1as al \u00e1rea de peligro.<\/span><\/span><\/p>\n","protected":false},"excerpt":{"rendered":"<p>Producto de las \u00faltimas erupciones volc\u00e1nicas registradas en nuestro pa\u00eds, la del Chait\u00e9n y el Cord\u00f3n Caulle, han alertado a los vecinos de \u00d1uble sobre la posibilidad de que el volc\u00e1n Chill\u00e1n salga de&#46;&#46;&#46;<\/p>\n","protected":false},"author":2,"featured_media":15649,"comment_status":"open","ping_status":"open","sticky":false,"template":"","format":"standard","meta":{"footnotes":""},"categories":[1],"tags":[1115,399,8,6],"class_list":["post-5883","post","type-post","status-publish","format-standard","has-post-thumbnail","hentry","category-noticias","tag-noticias","tag-volcan-chillan","tag-yungay","tag-yungayino"],"_links":{"self":[{"href":"https:\/\/www.yungayino.cl\/noticias\/index.php?rest_route=\/wp\/v2\/posts\/5883","targetHints":{"allow":["GET"]}}],"collection":[{"href":"https:\/\/www.yungayino.cl\/noticias\/index.php?rest_route=\/wp\/v2\/posts"}],"about":[{"href":"https:\/\/www.yungayino.cl\/noticias\/index.php?rest_route=\/wp\/v2\/types\/post"}],"author":[{"embeddable":true,"href":"https:\/\/www.yungayino.cl\/noticias\/index.php?rest_route=\/wp\/v2\/users\/2"}],"replies":[{"embeddable":true,"href":"https:\/\/www.yungayino.cl\/noticias\/index.php?rest_route=%2Fwp%2Fv2%2Fcomments&post=5883"}],"version-history":[{"count":2,"href":"https:\/\/www.yungayino.cl\/noticias\/index.php?rest_route=\/wp\/v2\/posts\/5883\/revisions"}],"predecessor-version":[{"id":5885,"href":"https:\/\/www.yungayino.cl\/noticias\/index.php?rest_route=\/wp\/v2\/posts\/5883\/revisions\/5885"}],"wp:featuredmedia":[{"embeddable":true,"href":"https:\/\/www.yungayino.cl\/noticias\/index.php?rest_route=\/wp\/v2\/media\/15649"}],"wp:attachment":[{"href":"https:\/\/www.yungayino.cl\/noticias\/index.php?rest_route=%2Fwp%2Fv2%2Fmedia&parent=5883"}],"wp:term":[{"taxonomy":"category","embeddable":true,"href":"https:\/\/www.yungayino.cl\/noticias\/index.php?rest_route=%2Fwp%2Fv2%2Fcategories&post=5883"},{"taxonomy":"post_tag","embeddable":true,"href":"https:\/\/www.yungayino.cl\/noticias\/index.php?rest_route=%2Fwp%2Fv2%2Ftags&post=5883"}],"curies":[{"name":"wp","href":"https:\/\/api.w.org\/{rel}","templated":true}]}}