{"id":5886,"date":"2011-07-17T20:00:25","date_gmt":"2011-07-18T00:00:25","guid":{"rendered":"http:\/\/www.yungayino.cl\/noticias\/?p=5886"},"modified":"2011-07-17T22:26:52","modified_gmt":"2011-07-18T02:26:52","slug":"mujeres-trabajadoras-y-jefas-de-hogar-yungayinas-recibieron-certificacion","status":"publish","type":"post","link":"https:\/\/www.yungayino.cl\/noticias\/?p=5886","title":{"rendered":"Mujeres Trabajadoras y Jefas de Hogar Yungayinas Recibieron Certificaci\u00f3n"},"content":{"rendered":"<p><img decoding=\"async\" src=\"http:\/\/www.yungayino.cl\/imagenes\/mujeres20110715.jpg\" alt=\"YUNGAYINO.CL - El Portal de Yungay\" \/><\/p>\n<p><span style=\"font-family: arial,helvetica,sans-serif;\"><span style=\"font-size: small;\">Yungay, con gran \u00e9xito resulto el Programa del Servicio Nacional de la Mujer \u201cMujeres Trabajadoras y Jefas de Hogar\u201d en nuestra comuna, donde 16 mujeres yungayinas se esforzaron durante un mes en capacitarse en la fabricaci\u00f3n de muebles de madera de trup\u00e1n y que fue liderada por Savia Ltda, m\u00e1s el apoyo del monitor yungayino Leoncio Betancourt. Finalmente el pasado viernes 15 de julio en el Liceo A &#8211; 17 junto a sus familiares ellas recibieron su certificaci\u00f3n por la capacitaci\u00f3n desarrollada, lo cu\u00e1l les permitir\u00e1 insertarse en el ambiente laboral y mejorar sus condiciones de vida. Finalmente el Equipo del Portal Yungayino.cl destaco y felicito a estas esforzadas mujeres de nuestra comuna por el logro obtenido, adem\u00e1s destacamos la calidad de los muebles hechos durante el periodo de capacitaci\u00f3n como los esquineros, mesas, modulares y espejos entre otros y finalmente tambi\u00e9n manifestaron el agradecimiento al Municipio y al Departamento de Secplan.<\/span><\/span><\/p>\n<p><span style=\"font-family: arial,helvetica,sans-serif;\"><span style=\"font-size: small;\"> <\/span><\/span><\/p>\n<p><a href=\"http:\/\/www.facebook.com\/media\/set\/?set=a.255892337759146.83552.159561284058919&amp;saved\"><span style=\"font-family: arial,helvetica,sans-serif;\"><span style=\"font-size: small;\"> Fotograf\u00edas<\/span><\/span><\/a><\/p>\n","protected":false},"excerpt":{"rendered":"<p>Yungay, con gran \u00e9xito resulto el Programa del Servicio Nacional de la Mujer \u201cMujeres Trabajadoras y Jefas de Hogar\u201d en nuestra comuna, donde 16 mujeres yungayinas se esforzaron durante un mes en capacitarse en&#46;&#46;&#46;<\/p>\n","protected":false},"author":2,"featured_media":15650,"comment_status":"open","ping_status":"open","sticky":false,"template":"","format":"standard","meta":{"footnotes":""},"categories":[1],"tags":[356,1115,400,8,6],"class_list":["post-5886","post","type-post","status-publish","format-standard","has-post-thumbnail","hentry","category-noticias","tag-municipalidad","tag-noticias","tag-secplac","tag-yungay","tag-yungayino"],"_links":{"self":[{"href":"https:\/\/www.yungayino.cl\/noticias\/index.php?rest_route=\/wp\/v2\/posts\/5886","targetHints":{"allow":["GET"]}}],"collection":[{"href":"https:\/\/www.yungayino.cl\/noticias\/index.php?rest_route=\/wp\/v2\/posts"}],"about":[{"href":"https:\/\/www.yungayino.cl\/noticias\/index.php?rest_route=\/wp\/v2\/types\/post"}],"author":[{"embeddable":true,"href":"https:\/\/www.yungayino.cl\/noticias\/index.php?rest_route=\/wp\/v2\/users\/2"}],"replies":[{"embeddable":true,"href":"https:\/\/www.yungayino.cl\/noticias\/index.php?rest_route=%2Fwp%2Fv2%2Fcomments&post=5886"}],"version-history":[{"count":5,"href":"https:\/\/www.yungayino.cl\/noticias\/index.php?rest_route=\/wp\/v2\/posts\/5886\/revisions"}],"predecessor-version":[{"id":5891,"href":"https:\/\/www.yungayino.cl\/noticias\/index.php?rest_route=\/wp\/v2\/posts\/5886\/revisions\/5891"}],"wp:featuredmedia":[{"embeddable":true,"href":"https:\/\/www.yungayino.cl\/noticias\/index.php?rest_route=\/wp\/v2\/media\/15650"}],"wp:attachment":[{"href":"https:\/\/www.yungayino.cl\/noticias\/index.php?rest_route=%2Fwp%2Fv2%2Fmedia&parent=5886"}],"wp:term":[{"taxonomy":"category","embeddable":true,"href":"https:\/\/www.yungayino.cl\/noticias\/index.php?rest_route=%2Fwp%2Fv2%2Fcategories&post=5886"},{"taxonomy":"post_tag","embeddable":true,"href":"https:\/\/www.yungayino.cl\/noticias\/index.php?rest_route=%2Fwp%2Fv2%2Ftags&post=5886"}],"curies":[{"name":"wp","href":"https:\/\/api.w.org\/{rel}","templated":true}]}}