{"id":5918,"date":"2011-07-29T14:00:58","date_gmt":"2011-07-29T18:00:58","guid":{"rendered":"http:\/\/www.yungayino.cl\/noticias\/?p=5918"},"modified":"2011-07-29T14:25:24","modified_gmt":"2011-07-29T18:25:24","slug":"firmados-los-mandatos-para-reconstruccion-de-cinco-cuarteles-de-bomberos-de-la-region-del-bio-bio","status":"publish","type":"post","link":"https:\/\/www.yungayino.cl\/noticias\/?p=5918","title":{"rendered":"Firmados los Mandatos para Reconstrucci\u00f3n de Cinco Cuarteles de Bomberos de la Regi\u00f3n del B\u00edo B\u00edo"},"content":{"rendered":"<p><img loading=\"lazy\" decoding=\"async\" src=\"http:\/\/www.yungayino.cl\/imagenes\/bomberos20110728.jpg\" alt=\"YUNGAYINO.CL - El Portal de Yungay\" width=\"500\" height=\"200\" \/><\/p>\n<p><span style=\"font-family: arial,helvetica,sans-serif;\"><span style=\"font-size: small;\">Este jueves 28 de julio, en dependencias del Consejo Regional del B\u00edo B\u00edo, se realiz\u00f3 la segunda\u00a0 ceremonia de firma de los convenios mandatos a trav\u00e9s de los cuales la Junta  Nacional de Cuerpos de bomberos autoriza al Seremi de Obras P\u00fablicas a iniciar el proceso de construcci\u00f3n de 5 Cuarteles que resultaron destruidos a causa del terremoto del 27 de febrero de 2010. Cabe recordar que igual acto se llev\u00f3 a cabo el martes reci\u00e9n pasado en la Regi\u00f3n de O\u2019Higgins para la reconstrucci\u00f3n de tres cuarteles. Los documentos corresponden a las futuras instalaciones de la Primera y Segunda Compa\u00f1\u00eda del Cuerpo de Bomberos de Florida, Cuartel General del Cuerpo de Bomberos de Florida, Cuartel General del Cuerpo de Bomberos de Huepil, Tercera Compa\u00f1\u00eda del Cuerpo de Bomberos de Yungay y Cuartel General del Cuerpo de Bomberos de Hualqui. Los mandatos fueron firmados por el Presidente Nacional de Bomberos, Miguel Reyes;\u00a0 el Secretario Nacional, Jos\u00e9 Echibur\u00fa y el Director Regional de Arquitectura del Ministerio de Obras P\u00fablicas, Cristian Vald\u00e9s. De esta ceremonia participaron, adem\u00e1s, el Presidente del Consejo Regional de Bomberos, Dino Olivieri; el Director Ejecutivo de la Junta Nacional, Carlos Cruz; el Asesor Jur\u00eddico, Fernando Recio y el Jefe de Gabinete,\u00a0 Leonardo Saleh. Asimismo, estuvieron presentes el Segundo Vicepresidente del Consejo Regional de Bomberos, Lu\u00eds Fregonara; el Tercer Videpresidente, Osvaldo Matus y los Superintendentes de Florida, Omar Friz; Huepil, Renato Sep\u00falveda; Superintendente (I) Hualqui y de Yungay, Juan Israel Figueroa Molina. Fuente: <a href=\"http:\/\/www.bomberos.cl\/\" target=\"_blank\">www.bomberos.cl<\/a><\/span><\/span><\/p>\n","protected":false},"excerpt":{"rendered":"<p>Este jueves 28 de julio, en dependencias del Consejo Regional del B\u00edo B\u00edo, se realiz\u00f3 la segunda\u00a0 ceremonia de firma de los convenios mandatos a trav\u00e9s de los cuales la Junta Nacional de Cuerpos&#46;&#46;&#46;<\/p>\n","protected":false},"author":2,"featured_media":15655,"comment_status":"open","ping_status":"open","sticky":false,"template":"","format":"standard","meta":{"footnotes":""},"categories":[1],"tags":[37,1115,8,6],"class_list":["post-5918","post","type-post","status-publish","format-standard","has-post-thumbnail","hentry","category-noticias","tag-bomberos","tag-noticias","tag-yungay","tag-yungayino"],"_links":{"self":[{"href":"https:\/\/www.yungayino.cl\/noticias\/index.php?rest_route=\/wp\/v2\/posts\/5918","targetHints":{"allow":["GET"]}}],"collection":[{"href":"https:\/\/www.yungayino.cl\/noticias\/index.php?rest_route=\/wp\/v2\/posts"}],"about":[{"href":"https:\/\/www.yungayino.cl\/noticias\/index.php?rest_route=\/wp\/v2\/types\/post"}],"author":[{"embeddable":true,"href":"https:\/\/www.yungayino.cl\/noticias\/index.php?rest_route=\/wp\/v2\/users\/2"}],"replies":[{"embeddable":true,"href":"https:\/\/www.yungayino.cl\/noticias\/index.php?rest_route=%2Fwp%2Fv2%2Fcomments&post=5918"}],"version-history":[{"count":3,"href":"https:\/\/www.yungayino.cl\/noticias\/index.php?rest_route=\/wp\/v2\/posts\/5918\/revisions"}],"predecessor-version":[{"id":5921,"href":"https:\/\/www.yungayino.cl\/noticias\/index.php?rest_route=\/wp\/v2\/posts\/5918\/revisions\/5921"}],"wp:featuredmedia":[{"embeddable":true,"href":"https:\/\/www.yungayino.cl\/noticias\/index.php?rest_route=\/wp\/v2\/media\/15655"}],"wp:attachment":[{"href":"https:\/\/www.yungayino.cl\/noticias\/index.php?rest_route=%2Fwp%2Fv2%2Fmedia&parent=5918"}],"wp:term":[{"taxonomy":"category","embeddable":true,"href":"https:\/\/www.yungayino.cl\/noticias\/index.php?rest_route=%2Fwp%2Fv2%2Fcategories&post=5918"},{"taxonomy":"post_tag","embeddable":true,"href":"https:\/\/www.yungayino.cl\/noticias\/index.php?rest_route=%2Fwp%2Fv2%2Ftags&post=5918"}],"curies":[{"name":"wp","href":"https:\/\/api.w.org\/{rel}","templated":true}]}}