{"id":5925,"date":"2011-07-31T11:00:25","date_gmt":"2011-07-31T15:00:25","guid":{"rendered":"http:\/\/www.yungayino.cl\/noticias\/?p=5925"},"modified":"2011-08-01T11:41:11","modified_gmt":"2011-08-01T15:41:11","slug":"trabajador-de-constructora-antai-recibe-premio-corma","status":"publish","type":"post","link":"https:\/\/www.yungayino.cl\/noticias\/?p=5925","title":{"rendered":"Trabajador de Constructora ANTAI Recibe Premio Corma"},"content":{"rendered":"<p><img decoding=\"async\" src=\"http:\/\/www.yungayino.cl\/imagenes\/antai20110729.jpg\" alt=\"YUNGAYINO.CL - El Portal de Yungay\" \/><\/p>\n<p align=\"justify\"><font size=\"2\">Yungay, el pasado viernes 29 de julio en el Teatro de la Universidad de Concepci\u00f3n, el trabajador Pedro Hern\u00e1n Hern\u00e1ndez Arevalo de la Constructora ANTAI recibi\u00f3 el Premio Corma en una ceremonia organizada por la Corporaci\u00f3n Chilena de la Madera (Corma) y donde se cont\u00f3 con la presencia de la Ministra del Trabajo y Previsi\u00f3n Social, Evelyn Matthei, el Seremi de Agricultura, Jos\u00e9 Manuel Rebolledo, el Presidente Nacional de Corma Fernando Raga Castellanos y el Presidente Regional Jorge Ser\u00f3n Ferr\u00e9. El destacado trabajador yungayino que se desempe\u00f1a en el Complejo de Paneles Arauco Planta Trup\u00e1n Cholgu\u00e1n fue acompa\u00f1ado durante toda la ceremonia por una delegaci\u00f3n de compa\u00f1eros de trabajo, la familia y el Gerente Oscar Cartes Silva. Finalmente Pedro recibi\u00f3 el destacado premio \u201cEl C\u00f3ndor de los Vientos\u201d y manifest\u00f3 al Portal Yungayino sentirse contento y orgulloso de este importante logro en su vida laboral el cu\u00e1l se lo dedico a su familia.<\/a><br \/>\n<a href=\"http:\/\/www.facebook.com\/media\/set\/?set=a.263214683693578.84995.159561284058919&#038;saved\">Fotograf\u00edas<\/a><br \/>\n<\/br><br \/>\n<iframe loading=\"lazy\" width=\"425\" height=\"349\" src=\"http:\/\/www.youtube.com\/embed\/g3U3mIbvVQg?hl=es&#038;rel=0&#038;egm=0&#038;fs=1\" frameborder=\"0\" allowfullscreen><\/iframe><\/a><\/font><\/p>\n","protected":false},"excerpt":{"rendered":"<p>Yungay, el pasado viernes 29 de julio en el Teatro de la Universidad de Concepci\u00f3n, el trabajador Pedro Hern\u00e1n Hern\u00e1ndez Arevalo de la Constructora ANTAI recibi\u00f3 el Premio Corma en una ceremonia organizada por&#46;&#46;&#46;<\/p>\n","protected":false},"author":2,"featured_media":15656,"comment_status":"open","ping_status":"open","sticky":false,"template":"","format":"standard","meta":{"footnotes":""},"categories":[1],"tags":[403,404,1115,8,6],"class_list":["post-5925","post","type-post","status-publish","format-standard","has-post-thumbnail","hentry","category-noticias","tag-antai","tag-corma","tag-noticias","tag-yungay","tag-yungayino"],"_links":{"self":[{"href":"https:\/\/www.yungayino.cl\/noticias\/index.php?rest_route=\/wp\/v2\/posts\/5925","targetHints":{"allow":["GET"]}}],"collection":[{"href":"https:\/\/www.yungayino.cl\/noticias\/index.php?rest_route=\/wp\/v2\/posts"}],"about":[{"href":"https:\/\/www.yungayino.cl\/noticias\/index.php?rest_route=\/wp\/v2\/types\/post"}],"author":[{"embeddable":true,"href":"https:\/\/www.yungayino.cl\/noticias\/index.php?rest_route=\/wp\/v2\/users\/2"}],"replies":[{"embeddable":true,"href":"https:\/\/www.yungayino.cl\/noticias\/index.php?rest_route=%2Fwp%2Fv2%2Fcomments&post=5925"}],"version-history":[{"count":7,"href":"https:\/\/www.yungayino.cl\/noticias\/index.php?rest_route=\/wp\/v2\/posts\/5925\/revisions"}],"predecessor-version":[{"id":5932,"href":"https:\/\/www.yungayino.cl\/noticias\/index.php?rest_route=\/wp\/v2\/posts\/5925\/revisions\/5932"}],"wp:featuredmedia":[{"embeddable":true,"href":"https:\/\/www.yungayino.cl\/noticias\/index.php?rest_route=\/wp\/v2\/media\/15656"}],"wp:attachment":[{"href":"https:\/\/www.yungayino.cl\/noticias\/index.php?rest_route=%2Fwp%2Fv2%2Fmedia&parent=5925"}],"wp:term":[{"taxonomy":"category","embeddable":true,"href":"https:\/\/www.yungayino.cl\/noticias\/index.php?rest_route=%2Fwp%2Fv2%2Fcategories&post=5925"},{"taxonomy":"post_tag","embeddable":true,"href":"https:\/\/www.yungayino.cl\/noticias\/index.php?rest_route=%2Fwp%2Fv2%2Ftags&post=5925"}],"curies":[{"name":"wp","href":"https:\/\/api.w.org\/{rel}","templated":true}]}}