{"id":5933,"date":"2011-07-30T11:00:04","date_gmt":"2011-07-30T15:00:04","guid":{"rendered":"http:\/\/www.yungayino.cl\/noticias\/?p=5933"},"modified":"2011-08-01T20:39:53","modified_gmt":"2011-08-02T00:39:53","slug":"electrica-puntilla-presenta-proyecto-de-central-itata-al-municipio-yungayino","status":"publish","type":"post","link":"https:\/\/www.yungayino.cl\/noticias\/?p=5933","title":{"rendered":"El\u00e9ctrica Puntilla Presenta Proyecto de Central Itata al Municipio Yungayino"},"content":{"rendered":"<p><img decoding=\"async\" src=\"http:\/\/www.yungayino.cl\/imagenes\/Salto%20del%20Itata.jpg\" alt=\"YUNGAYINO.CL - El Portal de Yungay\" \/><\/p>\n<p><span style=\"font-size: x-small;\"><span style=\"font-size: small;\"><span style=\"font-family: arial,helvetica,sans-serif;\">En Yungay, representantes de la Empresa Chilena El\u00e9ctrica Puntilla se reunieron el pasado jueves 29 de julio con el municipio para presentar detalles del proyecto de la construcci\u00f3n de una Central Hidroel\u00e9ctrica de Pasada en el Salto del Itata. El proyecto considera la construcci\u00f3n y operaci\u00f3n de una central de pasada de 21 MW en el Salto del Itata. El caudal m\u00e1ximo a utilizar ser\u00e1 de 45 m3\/s con una ca\u00edda de 51,7 metros. La mini central se conectar\u00e1 a la l\u00ednea existente de subtransmisi\u00f3n Chill\u00e1n-Charr\u00faa a trav\u00e9s de una l\u00ednea de simple circuito de 66 kv de 12.2 Km. Los ejecutivos manifestaron al Portal Yungayino.cl que el objetivo del proyecto es generar electricidad utilizando energ\u00eda limpia y renovable, la que ser\u00e1 entregada al Sistema Interconectado Central (SIC), sin generaci\u00f3n de emisiones ni impactos al medio ambiente adem\u00e1s de manifestaron que durante la semana se reunir\u00e1n con vecinos del sector  para interiorizarse sobre las necesidades reales de la comunidad, como mejoramientos de camino, alcantarillado, agua potable, salud etc. Y as\u00ed abordarlos para ir en ayuda en conjunto con las autoridades de la comuna.<br \/>\n<a href=\"http:\/\/www.facebook.com\/media\/set\/?set=a.263236000358113.85005.159561284058919&amp;saved\">Fotograf\u00edas<\/a><\/span><\/span><\/span><\/p>\n<p><object classid=\"clsid:d27cdb6e-ae6d-11cf-96b8-444553540000\" width=\"425\" height=\"350\" codebase=\"http:\/\/download.macromedia.com\/pub\/shockwave\/cabs\/flash\/swflash.cab#version=6,0,40,0\"><param name=\"src\" value=\"http:\/\/www.youtube.com\/v\/ViHG9HBB-jQ\" \/><embed type=\"application\/x-shockwave-flash\" width=\"425\" height=\"350\" src=\"http:\/\/www.youtube.com\/v\/ViHG9HBB-jQ\"><\/embed><\/object><\/p>\n<p><object classid=\"clsid:d27cdb6e-ae6d-11cf-96b8-444553540000\" width=\"425\" height=\"350\" codebase=\"http:\/\/download.macromedia.com\/pub\/shockwave\/cabs\/flash\/swflash.cab#version=6,0,40,0\"><param name=\"src\" value=\"http:\/\/www.youtube.com\/v\/m3lZxFWVjyU\" \/><embed type=\"application\/x-shockwave-flash\" width=\"425\" height=\"350\" src=\"http:\/\/www.youtube.com\/v\/m3lZxFWVjyU\"><\/embed><\/object><\/p>\n","protected":false},"excerpt":{"rendered":"<p>En Yungay, representantes de la Empresa Chilena El\u00e9ctrica Puntilla se reunieron el pasado jueves 29 de julio con el municipio para presentar detalles del proyecto de la construcci\u00f3n de una Central Hidroel\u00e9ctrica de Pasada&#46;&#46;&#46;<\/p>\n","protected":false},"author":2,"featured_media":15657,"comment_status":"open","ping_status":"open","sticky":false,"template":"","format":"standard","meta":{"footnotes":""},"categories":[1],"tags":[406,1115,405,8,6],"class_list":["post-5933","post","type-post","status-publish","format-standard","has-post-thumbnail","hentry","category-noticias","tag-electrica-puntilla","tag-noticias","tag-salto-itata","tag-yungay","tag-yungayino"],"_links":{"self":[{"href":"https:\/\/www.yungayino.cl\/noticias\/index.php?rest_route=\/wp\/v2\/posts\/5933","targetHints":{"allow":["GET"]}}],"collection":[{"href":"https:\/\/www.yungayino.cl\/noticias\/index.php?rest_route=\/wp\/v2\/posts"}],"about":[{"href":"https:\/\/www.yungayino.cl\/noticias\/index.php?rest_route=\/wp\/v2\/types\/post"}],"author":[{"embeddable":true,"href":"https:\/\/www.yungayino.cl\/noticias\/index.php?rest_route=\/wp\/v2\/users\/2"}],"replies":[{"embeddable":true,"href":"https:\/\/www.yungayino.cl\/noticias\/index.php?rest_route=%2Fwp%2Fv2%2Fcomments&post=5933"}],"version-history":[{"count":19,"href":"https:\/\/www.yungayino.cl\/noticias\/index.php?rest_route=\/wp\/v2\/posts\/5933\/revisions"}],"predecessor-version":[{"id":5949,"href":"https:\/\/www.yungayino.cl\/noticias\/index.php?rest_route=\/wp\/v2\/posts\/5933\/revisions\/5949"}],"wp:featuredmedia":[{"embeddable":true,"href":"https:\/\/www.yungayino.cl\/noticias\/index.php?rest_route=\/wp\/v2\/media\/15657"}],"wp:attachment":[{"href":"https:\/\/www.yungayino.cl\/noticias\/index.php?rest_route=%2Fwp%2Fv2%2Fmedia&parent=5933"}],"wp:term":[{"taxonomy":"category","embeddable":true,"href":"https:\/\/www.yungayino.cl\/noticias\/index.php?rest_route=%2Fwp%2Fv2%2Fcategories&post=5933"},{"taxonomy":"post_tag","embeddable":true,"href":"https:\/\/www.yungayino.cl\/noticias\/index.php?rest_route=%2Fwp%2Fv2%2Ftags&post=5933"}],"curies":[{"name":"wp","href":"https:\/\/api.w.org\/{rel}","templated":true}]}}