{"id":5964,"date":"2011-08-01T21:00:51","date_gmt":"2011-08-02T01:00:51","guid":{"rendered":"http:\/\/www.yungayino.cl\/noticias\/?p=5964"},"modified":"2011-08-01T21:57:47","modified_gmt":"2011-08-02T01:57:47","slug":"canal-de-television-vtv-cumple-9-anos-de-vida","status":"publish","type":"post","link":"https:\/\/www.yungayino.cl\/noticias\/?p=5964","title":{"rendered":"Canal de Televisi\u00f3n VTV Cumple 9 A\u00f1os de Vida"},"content":{"rendered":"<p><img loading=\"lazy\" decoding=\"async\" src=\"http:\/\/www.yungayino.cl\/imagenes\/vtv.jpg\" alt=\"YUNGAYINO.CL - El Portal de Yungay\" width=\"500\" height=\"200\" \/><\/p>\n<p><span style=\"font-family: arial,helvetica,sans-serif;\"><span style=\"font-size: small;\">Yungay, el Canal de Televisi\u00f3n VTV cumple 9 a\u00f1os de vida informando, entreteniendo y educando a nuestra comuna. La historia indica que su primera se\u00f1al se emiti\u00f3 el 01 de agosto del 2002 a trav\u00e9s del operador de cable TV Cable Nacimiento Ltda para el centro urbano de la cuidad de Yungay. Durante todos estos a\u00f1os de vida su Director y Representante Legal ha sido el Sr. Mariano Arana Abarca qui\u00e9n en una entrevista dada al Portal Yungayino.cl en sus estudios, manifest\u00f3 su alegr\u00eda y orgullo por este medio de comunicaci\u00f3n que ha logrado crecer con gran esfuerzo logrando en la actualidad una cobertura aproximada de 10.000 televidentes a trav\u00e9s de la se\u00f1al por cable, tambi\u00e9n hablo sobre el futuro, el cu\u00e1l pretende abrirse por la se\u00f1al digital y as\u00ed llegar a todos los yungayinos para seguir trabajando por el desarrollo de la comuna. Finalmente el Equipo del Portal Yungayino.cl felicita por este nuevo aniversario a todo el equipo humano que trabaja en VTV.<\/span><\/span><\/p>\n<p><span style=\"font-family: arial,helvetica,sans-serif;\"><span style=\"font-size: small;\"><object classid=\"clsid:d27cdb6e-ae6d-11cf-96b8-444553540000\" width=\"425\" height=\"350\" codebase=\"http:\/\/download.macromedia.com\/pub\/shockwave\/cabs\/flash\/swflash.cab#version=6,0,40,0\"><param name=\"src\" value=\"http:\/\/www.youtube.com\/v\/vPrs-k1zv9Y\" \/><embed type=\"application\/x-shockwave-flash\" width=\"425\" height=\"350\" src=\"http:\/\/www.youtube.com\/v\/vPrs-k1zv9Y\"><\/embed><\/object><br \/>\n<\/span><\/span><\/p>\n","protected":false},"excerpt":{"rendered":"<p>Yungay, el Canal de Televisi\u00f3n VTV cumple 9 a\u00f1os de vida informando, entreteniendo y educando a nuestra comuna. La historia indica que su primera se\u00f1al se emiti\u00f3 el 01 de agosto del 2002 a&#46;&#46;&#46;<\/p>\n","protected":false},"author":2,"featured_media":15660,"comment_status":"open","ping_status":"open","sticky":false,"template":"","format":"standard","meta":{"footnotes":""},"categories":[1],"tags":[1115,122,8,6],"class_list":["post-5964","post","type-post","status-publish","format-standard","has-post-thumbnail","hentry","category-noticias","tag-noticias","tag-vtv","tag-yungay","tag-yungayino"],"_links":{"self":[{"href":"https:\/\/www.yungayino.cl\/noticias\/index.php?rest_route=\/wp\/v2\/posts\/5964","targetHints":{"allow":["GET"]}}],"collection":[{"href":"https:\/\/www.yungayino.cl\/noticias\/index.php?rest_route=\/wp\/v2\/posts"}],"about":[{"href":"https:\/\/www.yungayino.cl\/noticias\/index.php?rest_route=\/wp\/v2\/types\/post"}],"author":[{"embeddable":true,"href":"https:\/\/www.yungayino.cl\/noticias\/index.php?rest_route=\/wp\/v2\/users\/2"}],"replies":[{"embeddable":true,"href":"https:\/\/www.yungayino.cl\/noticias\/index.php?rest_route=%2Fwp%2Fv2%2Fcomments&post=5964"}],"version-history":[{"count":2,"href":"https:\/\/www.yungayino.cl\/noticias\/index.php?rest_route=\/wp\/v2\/posts\/5964\/revisions"}],"predecessor-version":[{"id":5966,"href":"https:\/\/www.yungayino.cl\/noticias\/index.php?rest_route=\/wp\/v2\/posts\/5964\/revisions\/5966"}],"wp:featuredmedia":[{"embeddable":true,"href":"https:\/\/www.yungayino.cl\/noticias\/index.php?rest_route=\/wp\/v2\/media\/15660"}],"wp:attachment":[{"href":"https:\/\/www.yungayino.cl\/noticias\/index.php?rest_route=%2Fwp%2Fv2%2Fmedia&parent=5964"}],"wp:term":[{"taxonomy":"category","embeddable":true,"href":"https:\/\/www.yungayino.cl\/noticias\/index.php?rest_route=%2Fwp%2Fv2%2Fcategories&post=5964"},{"taxonomy":"post_tag","embeddable":true,"href":"https:\/\/www.yungayino.cl\/noticias\/index.php?rest_route=%2Fwp%2Fv2%2Ftags&post=5964"}],"curies":[{"name":"wp","href":"https:\/\/api.w.org\/{rel}","templated":true}]}}