{"id":5973,"date":"2011-08-02T18:04:30","date_gmt":"2011-08-02T22:04:30","guid":{"rendered":"http:\/\/www.yungayino.cl\/noticias\/?p=5973"},"modified":"2011-08-02T18:04:30","modified_gmt":"2011-08-02T22:04:30","slug":"opd-laja-diguillin-realizo-actividad-por-los-derechos-de-los-ninos-en-yungay","status":"publish","type":"post","link":"https:\/\/www.yungayino.cl\/noticias\/?p=5973","title":{"rendered":"OPD Laja Diguill\u00edn Realiz\u00f3 Actividad por los Derechos de los Ni\u00f1os en Yungay"},"content":{"rendered":"<p><img loading=\"lazy\" decoding=\"async\" src=\"http:\/\/www.yungayino.cl\/imagenes\/opd20110801.jpg\" alt=\"YUNGAYINO.CL - El Portal de Yungay\" width=\"500\" height=\"200\" \/><\/p>\n<p><span style=\"font-family: arial,helvetica,sans-serif;\"><span style=\"font-size: small;\">Yungay, en el Ode\u00f3n de la Plaza Iquique de nuestra comuna los funcionarios de la Oficina de Protecci\u00f3n de Derechos del Ni\u00f1o y Adolescente OPD Laja Diguill\u00edn, realiz\u00f3 esta actividad solicitada por la Direcci\u00f3n Regional del SENAME y para todas las Comunas de la Regi\u00f3n donde funcionan las OPDS, cuyo objetivo estaba enmarcado en sensibilizar a la Comunidad sobre el respeto y cumplimiento de los Derechos de los Ni\u00f1os, cuya Convenci\u00f3n fue firmada por el Estado Chileno en el mes de Agosto del a\u00f1o 1989. Durante la ma\u00f1ana los profesionales que trabajan en la Oficina de Protecci\u00f3n de Derechos, se instalaron en el Ode\u00f3n de la Plaza de Armas, lugar en el cual se dio difusi\u00f3n sobre los derechos de los ni\u00f1os, exponiendo paneles en los cuales se mostraban los derechos de los ni\u00f1os en forma escrita y a trav\u00e9s de s\u00edmbolos, adem\u00e1s se reparti\u00f3 entre los transe\u00fantes volantes con la misma finalidad de difusi\u00f3n y promoci\u00f3n. A esta actividad concurrieron ni\u00f1os del Jard\u00edn Infantil de Cholgu\u00e1n Estaci\u00f3n y ni\u00f1os del Jard\u00edn Integra Rayo de Luna, a quienes las T\u00edas de la OPD les entregaron Globos, escarapelas con los Derechos y una fruta a cada ni\u00f1o. Finalmente la Coordinadora Lina S\u00e1ez, declaro al Porta Yungayino.cl que a los ni\u00f1os se les debe respetar sus derechos todos los d\u00edas y no solo el d\u00eda en el cual se les celebra \u201cEl d\u00eda del Ni\u00f1o\u201d, y que para eso esta la Oficina de Protecci\u00f3n, quien es la que se preocupa que estos derechos sean respetados y no vulnerados.<br \/>\n<\/span> <\/span><\/p>\n<p><a href=\"http:\/\/www.facebook.com\/media\/set\/?set=a.263936050288108.85122.159561284058919&amp;saved\"><span style=\"font-family: arial,helvetica,sans-serif;\"><span style=\"font-size: small;\">Fotograf\u00edas<\/span><\/span><\/a><\/p>\n","protected":false},"excerpt":{"rendered":"<p>Yungay, en el Ode\u00f3n de la Plaza Iquique de nuestra comuna los funcionarios de la Oficina de Protecci\u00f3n de Derechos del Ni\u00f1o y Adolescente OPD Laja Diguill\u00edn, realiz\u00f3 esta actividad solicitada por la Direcci\u00f3n&#46;&#46;&#46;<\/p>\n","protected":false},"author":2,"featured_media":15662,"comment_status":"open","ping_status":"open","sticky":false,"template":"","format":"standard","meta":{"footnotes":""},"categories":[1],"tags":[1115,407,8,6],"class_list":["post-5973","post","type-post","status-publish","format-standard","has-post-thumbnail","hentry","category-noticias","tag-noticias","tag-opd","tag-yungay","tag-yungayino"],"_links":{"self":[{"href":"https:\/\/www.yungayino.cl\/noticias\/index.php?rest_route=\/wp\/v2\/posts\/5973","targetHints":{"allow":["GET"]}}],"collection":[{"href":"https:\/\/www.yungayino.cl\/noticias\/index.php?rest_route=\/wp\/v2\/posts"}],"about":[{"href":"https:\/\/www.yungayino.cl\/noticias\/index.php?rest_route=\/wp\/v2\/types\/post"}],"author":[{"embeddable":true,"href":"https:\/\/www.yungayino.cl\/noticias\/index.php?rest_route=\/wp\/v2\/users\/2"}],"replies":[{"embeddable":true,"href":"https:\/\/www.yungayino.cl\/noticias\/index.php?rest_route=%2Fwp%2Fv2%2Fcomments&post=5973"}],"version-history":[{"count":5,"href":"https:\/\/www.yungayino.cl\/noticias\/index.php?rest_route=\/wp\/v2\/posts\/5973\/revisions"}],"predecessor-version":[{"id":5978,"href":"https:\/\/www.yungayino.cl\/noticias\/index.php?rest_route=\/wp\/v2\/posts\/5973\/revisions\/5978"}],"wp:featuredmedia":[{"embeddable":true,"href":"https:\/\/www.yungayino.cl\/noticias\/index.php?rest_route=\/wp\/v2\/media\/15662"}],"wp:attachment":[{"href":"https:\/\/www.yungayino.cl\/noticias\/index.php?rest_route=%2Fwp%2Fv2%2Fmedia&parent=5973"}],"wp:term":[{"taxonomy":"category","embeddable":true,"href":"https:\/\/www.yungayino.cl\/noticias\/index.php?rest_route=%2Fwp%2Fv2%2Fcategories&post=5973"},{"taxonomy":"post_tag","embeddable":true,"href":"https:\/\/www.yungayino.cl\/noticias\/index.php?rest_route=%2Fwp%2Fv2%2Ftags&post=5973"}],"curies":[{"name":"wp","href":"https:\/\/api.w.org\/{rel}","templated":true}]}}